{"id":119293,"date":"2026-03-02T11:57:06","date_gmt":"2026-03-02T11:57:06","guid":{"rendered":"https:\/\/www.europesays.com\/ee\/119293\/"},"modified":"2026-03-02T11:57:06","modified_gmt":"2026-03-02T11:57:06","slug":"ehmatav-%e2%9f%a9-lahkamine-paljastas-michael-jacksoni-keha-tegeliku-seisukorra-2","status":"publish","type":"post","link":"https:\/\/www.europesays.com\/ee\/119293\/","title":{"rendered":"EHMATAV \u27e9 Lahkamine paljastas Michael Jacksoni keha tegeliku seisukorra"},"content":{"rendered":"<p>Michael Jacksoni ootamatu surm 2009. aasta juunis \u0161okeeris maailma. Kuid veelgi jahmatavamad olid detailid, mis ilmnesid lahkamisaruandest. Aastak\u00fcmneid oma privaatsust kiivalt kaitsnud staari keha r\u00e4\u00e4kis p\u00e4rast surma loo pikaajalisest v\u00f5itlusest terviseh\u00e4dade, s\u00f5ltuvuse ja drastiliste kosmeetiliste protseduuridega.<\/p>\n<p>Popikuningas Michael Jackson suri 50-aastaselt oma Los Angelese kodus propofoolim\u00fcrgistuse tagaj\u00e4rjel. Tema surm tunnistati hiljem tapmiseks ning laulja isiklik arst, dr Conrad Murray, m\u00f5isteti s\u00fc\u00fcdi tahtmatus tapmises. Lahkamine heitis seej\u00e4rel paljastava ja kohati h\u00e4iriva valguse Jacksoni tegelikule tervislikule seisundile \u2013 sellele, mis oli aastaid peidetud meigi, parukate ja proteeside taha.<\/p>\n","protected":false},"excerpt":{"rendered":"Michael Jacksoni ootamatu surm 2009. aasta juunis \u0161okeeris maailma. Kuid veelgi jahmatavamad olid detailid, mis ilmnesid lahkamisaruandest. Aastak\u00fcmneid&hellip;\n","protected":false},"author":2,"featured_media":119239,"comment_status":"","ping_status":"","sticky":false,"template":"","format":"standard","meta":{"footnotes":"","_share_on_mastodon":"0"},"categories":[91],"tags":[240,37,33,35,173,34,36,8173,241,55507,140,18610,55506,55510,55508,55509],"class_list":["post-119293","post","type-post","status-publish","format-standard","has-post-thumbnail","category-kuulsused","tag-celebrities","tag-ee","tag-eesti","tag-eesti-keel","tag-entertainment","tag-estonia","tag-estonian","tag-iluoperatsioonid","tag-kuulsused","tag-lahkamisaruanne","tag-meelelahutus","tag-michael-jackson","tag-michael-jacksoni-surm","tag-michael-jacksoni-terviseprobleemid","tag-ravimisoltuvus","tag-vitiliigo"],"share_on_mastodon":{"url":"https:\/\/pubeurope.com\/@ee\/116159462923611321","error":""},"_links":{"self":[{"href":"https:\/\/www.europesays.com\/ee\/wp-json\/wp\/v2\/posts\/119293","targetHints":{"allow":["GET"]}}],"collection":[{"href":"https:\/\/www.europesays.com\/ee\/wp-json\/wp\/v2\/posts"}],"about":[{"href":"https:\/\/www.europesays.com\/ee\/wp-json\/wp\/v2\/types\/post"}],"author":[{"embeddable":true,"href":"https:\/\/www.europesays.com\/ee\/wp-json\/wp\/v2\/users\/2"}],"replies":[{"embeddable":true,"href":"https:\/\/www.europesays.com\/ee\/wp-json\/wp\/v2\/comments?post=119293"}],"version-history":[{"count":0,"href":"https:\/\/www.europesays.com\/ee\/wp-json\/wp\/v2\/posts\/119293\/revisions"}],"wp:featuredmedia":[{"embeddable":true,"href":"https:\/\/www.europesays.com\/ee\/wp-json\/wp\/v2\/media\/119239"}],"wp:attachment":[{"href":"https:\/\/www.europesays.com\/ee\/wp-json\/wp\/v2\/media?parent=119293"}],"wp:term":[{"taxonomy":"category","embeddable":true,"href":"https:\/\/www.europesays.com\/ee\/wp-json\/wp\/v2\/categories?post=119293"},{"taxonomy":"post_tag","embeddable":true,"href":"https:\/\/www.europesays.com\/ee\/wp-json\/wp\/v2\/tags?post=119293"}],"curies":[{"name":"wp","href":"https:\/\/api.w.org\/{rel}","templated":true}]}}