{"id":119315,"date":"2026-03-02T12:27:19","date_gmt":"2026-03-02T12:27:19","guid":{"rendered":"https:\/\/www.europesays.com\/ee\/119315\/"},"modified":"2026-03-02T12:27:19","modified_gmt":"2026-03-02T12:27:19","slug":"neljandat-mangu-jarjest-voiduta-jaanud-juventus-paastis-903-minutil-punkti-ega-lasknud-meistrite-liiga-piletit-kaugemale-soccernet-ee","status":"publish","type":"post","link":"https:\/\/www.europesays.com\/ee\/119315\/","title":{"rendered":"Neljandat m\u00e4ngu j\u00e4rjest v\u00f5iduta j\u00e4\u00e4nud Juventus p\u00e4\u00e4stis 90+3. minutil punkti ega lasknud Meistrite liiga piletit kaugemale &#8211; Soccernet.ee"},"content":{"rendered":"<p><img decoding=\"async\" src=\"https:\/\/www.europesays.com\/ee\/wp-content\/uploads\/2026\/03\/1772401641.jpg\" alt=\"Federico Gatti p\u00e4\u00e4stis Juventusele 90+3. minutil punkti. Foto: Scanpix \/ Best Images \/ Action Plus Sports via ZUMA Press Wire\"\/>&#13;\n<\/p>\n<p>Juventus j\u00e4i Itaalia k\u00f5rgliigas neljandat m\u00e4ngu j\u00e4rjest v\u00f5iduta, kui v\u00f5\u00f5rsil m\u00e4ngiti 3:3 viiki AS Romaga. Kuigi nukker seeria sai j\u00e4tku, siis see viik maitseb magusalt, sest veel paark\u00fcmmend minutit enne l\u00f5puvilet oldi kahev\u00e4ravalises kaotusseisus.<\/p>\n<p>Roma asus kohtumist esimese poolaja l\u00f5pus Wesley v\u00e4ravast juhtima, aga Francisco Conceicao l\u00f5i teise poolaja alguses Juventuse viigiv\u00e4rava. Evan Ndicka ja Donyell Maleni v\u00e4ravad k\u00fcmneminutilise vahega viisid aga Roma 3:1 ette. Juventuse tagasitulek algas 78. minutil, kui Jeremie Boga l\u00f5i \u00fche v\u00e4rava tagasi. Viigiv\u00e4ravat jahtinud k\u00fclalised j\u00f5udsid kolmandat korda sihile kolmandal \u00fcleminutil, kui Federico Gatti sai karistusl\u00f6\u00f6gi j\u00e4rel m\u00f5nelt meetrilt l\u00f6\u00f6gile ja rammis palli v\u00e4ravasse.&#13;\n<\/p>\n<p>Viimasest neljast m\u00e4ngust vaid kaks punkti teeninud Juventus j\u00e4tkab kuuendal tabelireal, kaotades neljandale ehk viimasele Meistrite liiga kohale nelja punktiga. Seda kohta hoiab enda k\u00e4es just Roma. Nende vahele mahub suur\u00fcllataja Como, kes kaotab Romale kolme punktiga ja edestab Juventust \u00fche punktiga.&#13;\n<\/p>\n<p>Tabeli seitsmes meeskond Atalanta sai koduliigas kalendriaasta esimese kaotuse, j\u00e4\u00e4des v\u00f5\u00f5rsil 1:2 alla Sassuolole. Seejuures m\u00e4ngis Sassuolo suurema osa ajast k\u00fcmnekesi, sest Andrea Pinamonti sai 16. minutil Berat Djimsiti vastu tehtud t\u00f5sise vea eest punase kaardi. Sassuolo haaras p\u00e4rast seda Ismael Kone ja Kristian Thorstvedti v\u00e4ravatest kahev\u00e4ravalise eduseisu, kuni Yunus Musah l\u00f5i 88. minutil Atalanta eest \u00fche tagasi. Kui Atalanta paikneb tabelis seitsmendal kohal, siis seitse punkti v\u00e4hem kogunud Sassuolo on kaheksas.\u00a0<\/p>\n<p>K\u00fcmnendal kohal olev Rooma Lazio j\u00e4i sarnaselt Juventusele neljandat m\u00e4ngu j\u00e4rjest v\u00f5iduta, kaotades v\u00f5\u00f5rsil 0:2 Torinole, kes asub 14. tabelireal ja edestab n\u00fc\u00fcd ohutsooni kuue punktiga. Torino eest tegid skoori Giovanni Simeone ja Duvan Zapata.\u00a0&#13;<\/p>\n","protected":false},"excerpt":{"rendered":"&#13; Juventus j\u00e4i Itaalia k\u00f5rgliigas neljandat m\u00e4ngu j\u00e4rjest v\u00f5iduta, kui v\u00f5\u00f5rsil m\u00e4ngiti 3:3 viiki AS Romaga. Kuigi nukker&hellip;\n","protected":false},"author":2,"featured_media":119316,"comment_status":"","ping_status":"","sticky":false,"template":"","format":"standard","meta":{"footnotes":"","_share_on_mastodon":"0"},"categories":[18],"tags":[1540,1816,37,33,35,34,36,109,1541,1149,1542,1545,15107,1822,1082,159,158,1823],"class_list":["post-119315","post","type-post","status-publish","format-standard","has-post-thumbnail","category-sport","tag-as-roma","tag-atalanta","tag-ee","tag-eesti","tag-eesti-keel","tag-estonia","tag-estonian","tag-itaalia","tag-itaalia-korgliiga","tag-juventus","tag-lazio","tag-roma","tag-rooma-lazio","tag-sassuolo","tag-serie-a","tag-sport","tag-sports","tag-torino"],"share_on_mastodon":{"url":"https:\/\/pubeurope.com\/@ee\/116159580932176235","error":""},"_links":{"self":[{"href":"https:\/\/www.europesays.com\/ee\/wp-json\/wp\/v2\/posts\/119315","targetHints":{"allow":["GET"]}}],"collection":[{"href":"https:\/\/www.europesays.com\/ee\/wp-json\/wp\/v2\/posts"}],"about":[{"href":"https:\/\/www.europesays.com\/ee\/wp-json\/wp\/v2\/types\/post"}],"author":[{"embeddable":true,"href":"https:\/\/www.europesays.com\/ee\/wp-json\/wp\/v2\/users\/2"}],"replies":[{"embeddable":true,"href":"https:\/\/www.europesays.com\/ee\/wp-json\/wp\/v2\/comments?post=119315"}],"version-history":[{"count":0,"href":"https:\/\/www.europesays.com\/ee\/wp-json\/wp\/v2\/posts\/119315\/revisions"}],"wp:featuredmedia":[{"embeddable":true,"href":"https:\/\/www.europesays.com\/ee\/wp-json\/wp\/v2\/media\/119316"}],"wp:attachment":[{"href":"https:\/\/www.europesays.com\/ee\/wp-json\/wp\/v2\/media?parent=119315"}],"wp:term":[{"taxonomy":"category","embeddable":true,"href":"https:\/\/www.europesays.com\/ee\/wp-json\/wp\/v2\/categories?post=119315"},{"taxonomy":"post_tag","embeddable":true,"href":"https:\/\/www.europesays.com\/ee\/wp-json\/wp\/v2\/tags?post=119315"}],"curies":[{"name":"wp","href":"https:\/\/api.w.org\/{rel}","templated":true}]}}