{"id":119389,"date":"2026-03-02T14:11:07","date_gmt":"2026-03-02T14:11:07","guid":{"rendered":"https:\/\/www.europesays.com\/ee\/119389\/"},"modified":"2026-03-02T14:11:07","modified_gmt":"2026-03-02T14:11:07","slug":"veoauto-soitis-libeda-tottu-kraavi-ent-kohe-paastetud-ei-saanud","status":"publish","type":"post","link":"https:\/\/www.europesays.com\/ee\/119389\/","title":{"rendered":"Veoauto s\u00f5itis libeda t\u00f5ttu kraavi, ent kohe p\u00e4\u00e4stetud ei saanud"},"content":{"rendered":"<p>Luunja vallas Sirgumetsa k\u00fclas s\u00f5itis \u00f6\u00f6l vastu laup\u00e4eva libeduse t\u00f5ttu teelt v\u00e4lja t\u00f5stukiga veoauto. See vajus kraavis k\u00fclili ja sestap l\u00fckkus masina p\u00e4\u00e4stmine j\u00e4rgmisesse p\u00e4eva.<\/p>\n<p>Tartumaal juhtus n\u00e4dala l\u00f5pul kaks suuremat v\u00e4ljakutset, kuhu p\u00e4\u00e4stjatel tuli reageerida. Neist enim n\u00f5udis aega Sirgumetsas teelt v\u00e4lja s\u00f5itnud veoautoga tegelemine.<\/p>\n","protected":false},"excerpt":{"rendered":"Luunja vallas Sirgumetsa k\u00fclas s\u00f5itis \u00f6\u00f6l vastu laup\u00e4eva libeduse t\u00f5ttu teelt v\u00e4lja t\u00f5stukiga veoauto. See vajus kraavis k\u00fclili&hellip;\n","protected":false},"author":2,"featured_media":119390,"comment_status":"","ping_status":"","sticky":false,"template":"","format":"standard","meta":{"footnotes":"","_share_on_mastodon":"0"},"categories":[5],"tags":[26,27,37,33,35,34,36,31,32,21,28,29,19,2606,1581,25,23,24,22,20,37402,30],"class_list":["post-119389","post","type-post","status-publish","format-standard","has-post-thumbnail","category-uldised-uudised","tag-breaking-news","tag-breakingnews","tag-ee","tag-eesti","tag-eesti-keel","tag-estonia","tag-estonian","tag-featured-news","tag-featurednews","tag-headlines","tag-latest-news","tag-latestnews","tag-news","tag-onnetus","tag-paasteamet","tag-populaarseimad-lood","tag-top-stories","tag-topstories","tag-uldised-uudised","tag-uudised","tag-veoauto","tag-viimased-uudised"],"share_on_mastodon":{"url":"https:\/\/pubeurope.com\/@ee\/116159989853961755","error":""},"_links":{"self":[{"href":"https:\/\/www.europesays.com\/ee\/wp-json\/wp\/v2\/posts\/119389","targetHints":{"allow":["GET"]}}],"collection":[{"href":"https:\/\/www.europesays.com\/ee\/wp-json\/wp\/v2\/posts"}],"about":[{"href":"https:\/\/www.europesays.com\/ee\/wp-json\/wp\/v2\/types\/post"}],"author":[{"embeddable":true,"href":"https:\/\/www.europesays.com\/ee\/wp-json\/wp\/v2\/users\/2"}],"replies":[{"embeddable":true,"href":"https:\/\/www.europesays.com\/ee\/wp-json\/wp\/v2\/comments?post=119389"}],"version-history":[{"count":0,"href":"https:\/\/www.europesays.com\/ee\/wp-json\/wp\/v2\/posts\/119389\/revisions"}],"wp:featuredmedia":[{"embeddable":true,"href":"https:\/\/www.europesays.com\/ee\/wp-json\/wp\/v2\/media\/119390"}],"wp:attachment":[{"href":"https:\/\/www.europesays.com\/ee\/wp-json\/wp\/v2\/media?parent=119389"}],"wp:term":[{"taxonomy":"category","embeddable":true,"href":"https:\/\/www.europesays.com\/ee\/wp-json\/wp\/v2\/categories?post=119389"},{"taxonomy":"post_tag","embeddable":true,"href":"https:\/\/www.europesays.com\/ee\/wp-json\/wp\/v2\/tags?post=119389"}],"curies":[{"name":"wp","href":"https:\/\/api.w.org\/{rel}","templated":true}]}}