{"id":119519,"date":"2026-03-02T16:54:24","date_gmt":"2026-03-02T16:54:24","guid":{"rendered":"https:\/\/www.europesays.com\/ee\/119519\/"},"modified":"2026-03-02T16:54:24","modified_gmt":"2026-03-02T16:54:24","slug":"talispordiblogi-aigro-sai-lennumael-24-koha-alev-oli-falunis-42","status":"publish","type":"post","link":"https:\/\/www.europesays.com\/ee\/119519\/","title":{"rendered":"TALISPORDIBLOGI | Aigro sai lennum\u00e4el 24. koha, Alev oli Falunis 42."},"content":{"rendered":"<p>Faluni meeste murdmaasuusatamise 10 + 10 km suusavahetusega s\u00f5idu v\u00f5itis Norra \u00e4ss Johannes H\u00f8sflot Kl\u00e6bo ajaga 48,41,8. Fini\u0161iheitluses sai teise koha Harald \u00d8stberg Amundsen (+0,7 sekundit), kolmas oli Martin L\u00f8wstr\u00f8m Nyenget (+0,8). Nelikv\u00f5idu r\u00f6\u00f6vis norralastelt venelane Savelii Korosteljov (+4,0), kes suutis l\u00f5pus m\u00f6\u00f6duda Andreas Fjorden Ree`st (+5,2). Alvar Johannes Alev oli Eesti parimana 42. (+2.42), Christopher Kalev sai 48. koha (+3.02). \u00dcldse l\u00f5petas 69 meest.<\/p>\n<p>Saksamaal Garmisch-Partenkirchenis toimuma pidanud meeste m\u00e4esuusatamise \u00fclisuurslaalom, kus pidi osalema ka Juhan Luik, j\u00e4eti tiheda udu t\u00f5ttu \u00e4ra. See v\u00f5istlus peetakse 13. m\u00e4rtsil Prantsusmaal Courchevelis. <\/p>\n<p>Kulmi lennum\u00e4e MK-etapi v\u00f5itis sarnaselt eilsele sloveen Domen Prevc, kes h\u00fcppas avavoorus 238 ja teise voorus 245,5 meetrit. Kahe h\u00fcppe eest kokku teenis sloveen punkte 463,2. Prevci j\u00e4rel oli teine Stephan Embacher (240,5 ja 225 meetrit; 438,4 punkti) ja kolmas Johann Andre Forfang (225,5 ja 224 meetrit; 405 punkti). Artti Aigro h\u00fcppas avavoorus 204 ja teises voorus 211 meetrit, mis andis eestlasele 345,1 punktiga 24. koha.<\/p>\n<p>Kuidas see lugu Sind end tundma pani? Saada <a href=\"https:\/\/sport.delfi.ee\/a\/120439372\/kommentaarid\" class=\"article-body-bottom__comment article-body-bottom__comment--write button button--primary button--size-auto\" rel=\"nofollow noopener\" target=\"_blank\"> Kommenteeri <\/a><a href=\"https:\/\/sport.delfi.ee\/a\/120439372\/kommentaarid\" class=\"article-body-bottom__comment article-body-bottom__comment--read button button--size-auto\" rel=\"nofollow noopener\" target=\"_blank\"> Loe kommentaare (12)<\/a><\/p>\n","protected":false},"excerpt":{"rendered":"Faluni meeste murdmaasuusatamise 10 + 10 km suusavahetusega s\u00f5idu v\u00f5itis Norra \u00e4ss Johannes H\u00f8sflot Kl\u00e6bo ajaga 48,41,8. Fini\u0161iheitluses&hellip;\n","protected":false},"author":2,"featured_media":119520,"comment_status":"","ping_status":"","sticky":false,"template":"","format":"standard","meta":{"footnotes":"","_share_on_mastodon":"0"},"categories":[18],"tags":[8586,1700,9096,37,33,35,34,36,159,158],"class_list":["post-119519","post","type-post","status-publish","format-standard","has-post-thumbnail","category-sport","tag-alvar-johannes-alev","tag-artti-aigro","tag-christopher-kalev","tag-ee","tag-eesti","tag-eesti-keel","tag-estonia","tag-estonian","tag-sport","tag-sports"],"share_on_mastodon":{"url":"https:\/\/pubeurope.com\/@ee\/116160630741517777","error":""},"_links":{"self":[{"href":"https:\/\/www.europesays.com\/ee\/wp-json\/wp\/v2\/posts\/119519","targetHints":{"allow":["GET"]}}],"collection":[{"href":"https:\/\/www.europesays.com\/ee\/wp-json\/wp\/v2\/posts"}],"about":[{"href":"https:\/\/www.europesays.com\/ee\/wp-json\/wp\/v2\/types\/post"}],"author":[{"embeddable":true,"href":"https:\/\/www.europesays.com\/ee\/wp-json\/wp\/v2\/users\/2"}],"replies":[{"embeddable":true,"href":"https:\/\/www.europesays.com\/ee\/wp-json\/wp\/v2\/comments?post=119519"}],"version-history":[{"count":0,"href":"https:\/\/www.europesays.com\/ee\/wp-json\/wp\/v2\/posts\/119519\/revisions"}],"wp:featuredmedia":[{"embeddable":true,"href":"https:\/\/www.europesays.com\/ee\/wp-json\/wp\/v2\/media\/119520"}],"wp:attachment":[{"href":"https:\/\/www.europesays.com\/ee\/wp-json\/wp\/v2\/media?parent=119519"}],"wp:term":[{"taxonomy":"category","embeddable":true,"href":"https:\/\/www.europesays.com\/ee\/wp-json\/wp\/v2\/categories?post=119519"},{"taxonomy":"post_tag","embeddable":true,"href":"https:\/\/www.europesays.com\/ee\/wp-json\/wp\/v2\/tags?post=119519"}],"curies":[{"name":"wp","href":"https:\/\/api.w.org\/{rel}","templated":true}]}}