{"id":119590,"date":"2026-03-02T18:37:08","date_gmt":"2026-03-02T18:37:08","guid":{"rendered":"https:\/\/www.europesays.com\/ee\/119590\/"},"modified":"2026-03-02T18:37:08","modified_gmt":"2026-03-02T18:37:08","slug":"toyota-noorteprogrammi-peainstruktor-mikko-hirvonen-jaspar-on-teinud-ilusaid-edusamme-virumaa-teataja","status":"publish","type":"post","link":"https:\/\/www.europesays.com\/ee\/119590\/","title":{"rendered":"Toyota noorteprogrammi peainstruktor Mikko Hirvonen: Jaspar on teinud ilusaid edusamme &#8211; Virumaa Teataja"},"content":{"rendered":"<ol>\n<li><a href=\"https:\/\/news.google.com\/rss\/articles\/CBMiyAFBVV95cUxPWTZZN29kN0hLWDd0Y1dtZWtlMWNnTTFQd2lUSFFLd3A4WkQ1NVZ4czRxWGg0Q2ZiYTBta1BqY3J5UGpLbGFIbUg4aDlUcktyMUE1MWh6N0U2eVVvekFfSTZJdUlHVmV1ZWxlSDlmdHpoYXVlZDFVb2I4eDlEOWcxQmhBUlNra2NLUGZJakpmSzQ4WE55dUJFYmx2QTJXb2VOSkYwVTFTZTZEUEdtaGtmU0xyeDZFVFE0RHFLTzg5TzNOUVRMMUhJXw?oc=5\" target=\"_blank\" rel=\"nofollow noopener\">Toyota noorteprogrammi peainstruktor Mikko Hirvonen: Jaspar on teinud ilusaid edusamme<\/a>&nbsp;&nbsp;Virumaa Teataja<\/li>\n<li><a href=\"https:\/\/news.google.com\/rss\/articles\/CBMivwFBVV95cUxNRXEzSS11QzFVYmxVbEktZ2dnVmhnRXN3Q0ZRMDZwSDg3YW02a2VYOHJQRFREZnI0UHotYjdwSXhyUU9Yb3ZhNTdxMktPMnNyVUFxNzZ4TTd1Z2NoYkk0eUp1N09HNDdNdE5MUURuUlZHTVJYeXRIeF8zaGlXWmtxbEZ3ZllCVUZxVXNrU1h6ZVF5UlJQZnh6bXJ3cEtGaFdWeHJ0c0xTX3FBMmVoRnN5X2hNcmczR0l1WEpYcGVfVQ?oc=5\" target=\"_blank\" rel=\"nofollow noopener\">V\u00f5imast s\u00f5itu tegevad Jaspar Vaher ja Patrick Enok sunnivad Esapekka Lappit Riihim\u00e4el t\u00f5siselt pingutama<\/a>&nbsp;&nbsp;&#8211; Ralli.ee<\/li>\n<li><a href=\"https:\/\/news.google.com\/rss\/articles\/CBMibkFVX3lxTE0tY3hQZXhwVGZvN0hKZWQzN2Vzb01UbHM4QXJTWUJJN1hpMkpUbDRQNUo1OVhQOE5uRFQwQUZOV1lrZFFxSk9ERERFT25qLW96Z05MUU12M29Oc0hSdnczMnpjM3lQRXZxcHFDakF3?oc=5\" target=\"_blank\" rel=\"nofollow noopener\">Jaspar Vaher j\u00e4i Riihim\u00e4ki ralli v\u00f5itnud Esapekka Lappile alla k\u00f5igest 3,7 sekundiga<\/a>&nbsp;&nbsp;&#8211; Ralli.ee<\/li>\n<li><a href=\"https:\/\/news.google.com\/rss\/articles\/CBMitgFBVV95cUxOQ2JBUkVWXzRFUkF1N0RQWVZDWnlJX0FiMWVIY2JoeU1uMzRJTjdQeFY1YWxxaVR3TUE4cGt6NUpmNUZSY19zTlFuQnlRZEVsMWtEY2o1SjBkdUNaZG1vWEJwNU4zLXNiLUNDeENMeGpDUlQ2MFdqQXBOR05lbFI3RVVqTmY5S0R4Vjk1ajFHdldtc1hsSEFsMG5fR0dDcXNheWZBU2pITGpDbHlMUjZaWG1NZC1udw?oc=5\" target=\"_blank\" rel=\"nofollow noopener\">Praktiline info, kuidas Riihim\u00e4ki rallil eestlastele kaasa elada: OTSE\u00dcLEKANDED, AJAKAVA, KAARDID jne<\/a>&nbsp;&nbsp;&#8211; Ralli.ee<\/li>\n<li><a href=\"https:\/\/news.google.com\/rss\/articles\/CBMiP0FVX3lxTFBzbVp4eC1vX2Y4ZHppQWZuUHpQd1RMMExBTldNNU5TOXk4MUY2Njl5My1UQTk3SUhpRGpmWEZiRQ?oc=5\" target=\"_blank\" rel=\"nofollow noopener\">Eesti ralli\u00e4ssad j\u00e4id Soome meistriv\u00f5istlustel Lappist sekundite kaugusele<\/a>&nbsp;&nbsp;Uudis.net<\/li>\n<\/ol>\n","protected":false},"excerpt":{"rendered":"Toyota noorteprogrammi peainstruktor Mikko Hirvonen: Jaspar on teinud ilusaid edusamme&nbsp;&nbsp;Virumaa Teataja V\u00f5imast s\u00f5itu tegevad Jaspar Vaher ja Patrick&hellip;\n","protected":false},"author":2,"featured_media":119591,"comment_status":"","ping_status":"","sticky":false,"template":"","format":"standard","meta":{"footnotes":"","_share_on_mastodon":"0"},"categories":[18],"tags":[55649,37,33,35,5115,34,36,14276,3377,20026,159,158],"class_list":["post-119590","post","type-post","status-publish","format-standard","has-post-thumbnail","category-sport","tag-arktika-ralli","tag-ee","tag-eesti","tag-eesti-keel","tag-esapekka-lappi","tag-estonia","tag-estonian","tag-jaspar-vaher","tag-kadrina","tag-mikko-hirvonen","tag-sport","tag-sports"],"share_on_mastodon":{"url":"https:\/\/pubeurope.com\/@ee\/116161035814247881","error":""},"_links":{"self":[{"href":"https:\/\/www.europesays.com\/ee\/wp-json\/wp\/v2\/posts\/119590","targetHints":{"allow":["GET"]}}],"collection":[{"href":"https:\/\/www.europesays.com\/ee\/wp-json\/wp\/v2\/posts"}],"about":[{"href":"https:\/\/www.europesays.com\/ee\/wp-json\/wp\/v2\/types\/post"}],"author":[{"embeddable":true,"href":"https:\/\/www.europesays.com\/ee\/wp-json\/wp\/v2\/users\/2"}],"replies":[{"embeddable":true,"href":"https:\/\/www.europesays.com\/ee\/wp-json\/wp\/v2\/comments?post=119590"}],"version-history":[{"count":0,"href":"https:\/\/www.europesays.com\/ee\/wp-json\/wp\/v2\/posts\/119590\/revisions"}],"wp:featuredmedia":[{"embeddable":true,"href":"https:\/\/www.europesays.com\/ee\/wp-json\/wp\/v2\/media\/119591"}],"wp:attachment":[{"href":"https:\/\/www.europesays.com\/ee\/wp-json\/wp\/v2\/media?parent=119590"}],"wp:term":[{"taxonomy":"category","embeddable":true,"href":"https:\/\/www.europesays.com\/ee\/wp-json\/wp\/v2\/categories?post=119590"},{"taxonomy":"post_tag","embeddable":true,"href":"https:\/\/www.europesays.com\/ee\/wp-json\/wp\/v2\/tags?post=119590"}],"curies":[{"name":"wp","href":"https:\/\/api.w.org\/{rel}","templated":true}]}}