{"id":119776,"date":"2026-03-03T00:56:28","date_gmt":"2026-03-03T00:56:28","guid":{"rendered":"https:\/\/www.europesays.com\/ee\/119776\/"},"modified":"2026-03-03T00:56:28","modified_gmt":"2026-03-03T00:56:28","slug":"katk-mollab-eesti-eri-otstes","status":"publish","type":"post","link":"https:\/\/www.europesays.com\/ee\/119776\/","title":{"rendered":"Katk m\u00f6llab Eesti eri otstes"},"content":{"rendered":"<p>            <a href=\"https:\/\/www.europesays.com\/ee\/wp-content\/uploads\/2026\/03\/sak-eesti-eri-paigus-kaart.png\" data-caption=\"Seakatku tuvastati m\u00f6\u00f6dunud n\u00e4dalal Eesti eri otstes. Kaart: PTA\"><img loading=\"lazy\" decoding=\"async\" width=\"989\" height=\"595\" class=\"entry-thumb td-modal-image\" src=\"https:\/\/www.europesays.com\/ee\/wp-content\/uploads\/2026\/03\/sak-eesti-eri-paigus-kaart.png\"   alt=\"\" title=\"sak eesti eri paigus kaart\"\/><\/a>Seakatku tuvastati m\u00f6\u00f6dunud n\u00e4dalal Eesti eri otstes. Kaart: PTA<\/p>\n<p>M\u00f6\u00f6dunud n\u00e4dalal tuvastati Eestis taas aktiivsemalt sigade Aafrika katku (SAK) viirust. Kokku leiti taudi 11 metsseal \u00fcle Eesti.<\/p>\n<p>SAK tuvastati viiel k\u00fctitud metsseal L\u00e4\u00e4nemaal ja \u00fchel surnuna leitud metsseal L\u00e4\u00e4ne-Virumaal.<\/p>\n<p>Lisaks oli taudi kolmel k\u00fctitud metsseal Saaremaal, neist \u00fcks metssiga k\u00fctiti Muhumaal.<\/p>\n<p>Varasemalt on Muhumaal olnud kolm sigade Aafrika katkule positiivset metssiga, aga neist viiruspositiivne ainult \u00fcks metssiga. Varasemad leiud Muhumaal olid 2017. ja 2018. aastal.<\/p>\n<p>Veel oli seakatku leiuga Tartumaal ja Viljandimaal k\u00fctitud \u00fcks metssiga.<\/p>\n<p>Taud v\u00e4lismaal<\/p>\n<p>22.-28. veebruaril on sigade Aafrika katku puhul t\u00e4heldatud mitmeid leide ka Euroopas. L\u00e4tis oli 23 SAK-i juhtumit metssigadel. Rumeenia teavitas aga 8 taudipuhangust, millest \u00fcks puhang oli \u00fcle 8000 koduseaga farmis.<\/p>\n<p>Euroopas oli sel perioodil kokku 325 seakatku juhtumit metssigadel. K\u00f5ige rohkem teavitusi tegi Ungari.<\/p>\n<p>SAKi olukorra info Eestis on leitav <a href=\"https:\/\/pta.agri.ee\/sigade-aafrika-katk\" target=\"_blank\" rel=\"noopener nofollow\">P\u00f5llumajandus- ja Toiduameti kodulehel<\/a>.<\/p>\n","protected":false},"excerpt":{"rendered":"Seakatku tuvastati m\u00f6\u00f6dunud n\u00e4dalal Eesti eri otstes. Kaart: PTA M\u00f6\u00f6dunud n\u00e4dalal tuvastati Eestis taas aktiivsemalt sigade Aafrika katku&hellip;\n","protected":false},"author":2,"featured_media":119777,"comment_status":"","ping_status":"","sticky":false,"template":"","format":"standard","meta":{"footnotes":"","_share_on_mastodon":"0"},"categories":[12],"tags":[26,27,37,33,35,34,36,112,31,32,558,21,28,29,114,19,25,1945,6768,5463,1397,23,24,22,118,20,30],"class_list":["post-119776","post","type-post","status-publish","format-standard","has-post-thumbnail","category-eesti","tag-breaking-news","tag-breakingnews","tag-ee","tag-eesti","tag-eesti-keel","tag-estonia","tag-estonian","tag-euroopa","tag-featured-news","tag-featurednews","tag-haigus","tag-headlines","tag-latest-news","tag-latestnews","tag-lati","tag-news","tag-populaarseimad-lood","tag-rumeenia","tag-sak","tag-seakatk","tag-sigade-aafrika-katk","tag-top-stories","tag-topstories","tag-uldised-uudised","tag-ungari","tag-uudised","tag-viimased-uudised"],"share_on_mastodon":{"url":"https:\/\/pubeurope.com\/@ee\/116162526202455668","error":""},"_links":{"self":[{"href":"https:\/\/www.europesays.com\/ee\/wp-json\/wp\/v2\/posts\/119776","targetHints":{"allow":["GET"]}}],"collection":[{"href":"https:\/\/www.europesays.com\/ee\/wp-json\/wp\/v2\/posts"}],"about":[{"href":"https:\/\/www.europesays.com\/ee\/wp-json\/wp\/v2\/types\/post"}],"author":[{"embeddable":true,"href":"https:\/\/www.europesays.com\/ee\/wp-json\/wp\/v2\/users\/2"}],"replies":[{"embeddable":true,"href":"https:\/\/www.europesays.com\/ee\/wp-json\/wp\/v2\/comments?post=119776"}],"version-history":[{"count":0,"href":"https:\/\/www.europesays.com\/ee\/wp-json\/wp\/v2\/posts\/119776\/revisions"}],"wp:featuredmedia":[{"embeddable":true,"href":"https:\/\/www.europesays.com\/ee\/wp-json\/wp\/v2\/media\/119777"}],"wp:attachment":[{"href":"https:\/\/www.europesays.com\/ee\/wp-json\/wp\/v2\/media?parent=119776"}],"wp:term":[{"taxonomy":"category","embeddable":true,"href":"https:\/\/www.europesays.com\/ee\/wp-json\/wp\/v2\/categories?post=119776"},{"taxonomy":"post_tag","embeddable":true,"href":"https:\/\/www.europesays.com\/ee\/wp-json\/wp\/v2\/tags?post=119776"}],"curies":[{"name":"wp","href":"https:\/\/api.w.org\/{rel}","templated":true}]}}