{"id":119831,"date":"2026-03-03T04:25:09","date_gmt":"2026-03-03T04:25:09","guid":{"rendered":"https:\/\/www.europesays.com\/ee\/119831\/"},"modified":"2026-03-03T04:25:09","modified_gmt":"2026-03-03T04:25:09","slug":"kalle-kasper-eesti-lopetagu-arplemine-ainus-riik-kes-voib-tagada-eesti-iseseisvuse-on-venemaa","status":"publish","type":"post","link":"https:\/\/www.europesays.com\/ee\/119831\/","title":{"rendered":"Kalle K\u00e4sper: Eesti l\u00f5petagu \u00e4rplemine &#8211; ainus riik, kes v\u00f5ib tagada Eesti iseseisvuse, on&#8230; Venemaa"},"content":{"rendered":"<p class=\"MsoNoSpacing\">Selline harimatus ja teadmatus lubab meie poliitikutel teenida rahva poolehoidu provokatsiooniliste avaldustega. Pole veel meelest l\u00e4inud, kuidas Riigikogu ei s\u00f5lminud Venemaaga piirilepingut, sest sooviti j\u00e4tta endale \u00f5igus Petseri klooster Eestile tagasi n\u00f5uda. Ja n\u00fc\u00fcd, kus pole lepingut, v\u00f5ib Venemaa seda piiri nii sinna kui t\u00e4nna nihutada.<\/p>\n","protected":false},"excerpt":{"rendered":"Selline harimatus ja teadmatus lubab meie poliitikutel teenida rahva poolehoidu provokatsiooniliste avaldustega. Pole veel meelest l\u00e4inud, kuidas Riigikogu&hellip;\n","protected":false},"author":2,"featured_media":119832,"comment_status":"","ping_status":"","sticky":false,"template":"","format":"standard","meta":{"footnotes":"","_share_on_mastodon":"0"},"categories":[12],"tags":[26,27,37,33,35,34,36,112,31,32,2409,21,109,1639,28,29,19,25,3738,23,24,262,22,325,20,5843,96,30,661],"class_list":["post-119831","post","type-post","status-publish","format-standard","has-post-thumbnail","category-eesti","tag-breaking-news","tag-breakingnews","tag-ee","tag-eesti","tag-eesti-keel","tag-estonia","tag-estonian","tag-euroopa","tag-featured-news","tag-featurednews","tag-groonimaa","tag-headlines","tag-itaalia","tag-kaja-kallas","tag-latest-news","tag-latestnews","tag-news","tag-populaarseimad-lood","tag-putin","tag-top-stories","tag-topstories","tag-ukraina","tag-uldised-uudised","tag-usa","tag-uudised","tag-valispoliitika","tag-venemaa","tag-viimased-uudised","tag-vladimir-putin"],"share_on_mastodon":{"url":"https:\/\/pubeurope.com\/@ee\/116163347949659082","error":""},"_links":{"self":[{"href":"https:\/\/www.europesays.com\/ee\/wp-json\/wp\/v2\/posts\/119831","targetHints":{"allow":["GET"]}}],"collection":[{"href":"https:\/\/www.europesays.com\/ee\/wp-json\/wp\/v2\/posts"}],"about":[{"href":"https:\/\/www.europesays.com\/ee\/wp-json\/wp\/v2\/types\/post"}],"author":[{"embeddable":true,"href":"https:\/\/www.europesays.com\/ee\/wp-json\/wp\/v2\/users\/2"}],"replies":[{"embeddable":true,"href":"https:\/\/www.europesays.com\/ee\/wp-json\/wp\/v2\/comments?post=119831"}],"version-history":[{"count":0,"href":"https:\/\/www.europesays.com\/ee\/wp-json\/wp\/v2\/posts\/119831\/revisions"}],"wp:featuredmedia":[{"embeddable":true,"href":"https:\/\/www.europesays.com\/ee\/wp-json\/wp\/v2\/media\/119832"}],"wp:attachment":[{"href":"https:\/\/www.europesays.com\/ee\/wp-json\/wp\/v2\/media?parent=119831"}],"wp:term":[{"taxonomy":"category","embeddable":true,"href":"https:\/\/www.europesays.com\/ee\/wp-json\/wp\/v2\/categories?post=119831"},{"taxonomy":"post_tag","embeddable":true,"href":"https:\/\/www.europesays.com\/ee\/wp-json\/wp\/v2\/tags?post=119831"}],"curies":[{"name":"wp","href":"https:\/\/api.w.org\/{rel}","templated":true}]}}