{"id":119860,"date":"2026-03-03T05:38:08","date_gmt":"2026-03-03T05:38:08","guid":{"rendered":"https:\/\/www.europesays.com\/ee\/119860\/"},"modified":"2026-03-03T05:38:08","modified_gmt":"2026-03-03T05:38:08","slug":"filmiklubi-toi-linale-eeva-mae-luhifilmid","status":"publish","type":"post","link":"https:\/\/www.europesays.com\/ee\/119860\/","title":{"rendered":"Filmiklubi t\u00f5i linale Eeva M\u00e4e l\u00fchifilmid"},"content":{"rendered":"<p> Eeva M\u00e4gi. Juhan Hepner<\/p>\n<p>Haapsalu filmiklubis k\u00e4is m\u00f6\u00f6dunud n\u00e4dalal k\u00fclas re\u017eiss\u00f6\u00f6r Eeva M\u00e4gi, kelle tuntuimad filmid on \u201eMo Mamma\u201d ja \u201eMo Papa\u201d. Haapsalu kultuurikeskuse kinoklubi\u00f5htul n\u00e4idati kaht M\u00e4e l\u00fchifilmi.<\/p>\n<p>Maagilis-realistlik dokumentaalfilm \u201eLembri Uudu\u201d maalis unen\u00e4olise pildi Saaremaal asuva h\u00e4\u00e4buva P\u00e4hkla k\u00fcla elanikest, tehes seda tolleks ajaks teise ilma lahkunud kunagise kolhoosi traktoristi Lembri Uudu vaimusilma kaudu. \u201e3. oktavi F\u201d oli aga stiilne ooper-vestern, milles oli ka sotsiaalset n\u00e4rvi, puudutades naistevastase v\u00e4givalla teemat.<\/p>\n<p>P\u00e4rast seanssi vestles \u00fcks filmiklubi eestvedaja Helmut J\u00e4nes M\u00e4ega. M\u00e4e puhul on t\u00e4helepanuv\u00e4\u00e4rne, et lisaks on ta ka praktiseeriv jurist. \u201eMa ei j\u00f5ua juurat\u00f6\u00f6d teha enam nii palju, kui l\u00e4heb aega filmidele. V\u00f5itlen v\u00e4ga tulihingeliselt autori\u00f5iguste eest, kuna olen ise ka autor. Praegu v\u00f5itlen selle eest, et teostest ei saaks tarbeesemed,\u201d r\u00e4\u00e4kis ta.\n<\/p>\n<p>Artikkel j\u00e4tkub peale reklaami<img loading=\"lazy\" decoding=\"async\" class=\"aligncenter size-full wp-image-387649\" src=\"https:\/\/www.europesays.com\/ee\/wp-content\/uploads\/2025\/12\/tasuline.png\" alt=\"\" width=\"688\" height=\"101\" data-eio=\"l\"\/><\/a><\/p>\n<p>Reklaam<\/p>\n","protected":false},"excerpt":{"rendered":"Eeva M\u00e4gi. Juhan Hepner Haapsalu filmiklubis k\u00e4is m\u00f6\u00f6dunud n\u00e4dalal k\u00fclas re\u017eiss\u00f6\u00f6r Eeva M\u00e4gi, kelle tuntuimad filmid on \u201eMo&hellip;\n","protected":false},"author":2,"featured_media":119861,"comment_status":"","ping_status":"","sticky":false,"template":"","format":"standard","meta":{"footnotes":"","_share_on_mastodon":"0"},"categories":[16],"tags":[37,33,35,13513,173,34,36,55720,140],"class_list":["post-119860","post","type-post","status-publish","format-standard","has-post-thumbnail","category-meelelahutus","tag-ee","tag-eesti","tag-eesti-keel","tag-eeva-magi","tag-entertainment","tag-estonia","tag-estonian","tag-haapsalu-filmiklubi","tag-meelelahutus"],"share_on_mastodon":{"url":"https:\/\/pubeurope.com\/@ee\/116163635027528758","error":""},"_links":{"self":[{"href":"https:\/\/www.europesays.com\/ee\/wp-json\/wp\/v2\/posts\/119860","targetHints":{"allow":["GET"]}}],"collection":[{"href":"https:\/\/www.europesays.com\/ee\/wp-json\/wp\/v2\/posts"}],"about":[{"href":"https:\/\/www.europesays.com\/ee\/wp-json\/wp\/v2\/types\/post"}],"author":[{"embeddable":true,"href":"https:\/\/www.europesays.com\/ee\/wp-json\/wp\/v2\/users\/2"}],"replies":[{"embeddable":true,"href":"https:\/\/www.europesays.com\/ee\/wp-json\/wp\/v2\/comments?post=119860"}],"version-history":[{"count":0,"href":"https:\/\/www.europesays.com\/ee\/wp-json\/wp\/v2\/posts\/119860\/revisions"}],"wp:featuredmedia":[{"embeddable":true,"href":"https:\/\/www.europesays.com\/ee\/wp-json\/wp\/v2\/media\/119861"}],"wp:attachment":[{"href":"https:\/\/www.europesays.com\/ee\/wp-json\/wp\/v2\/media?parent=119860"}],"wp:term":[{"taxonomy":"category","embeddable":true,"href":"https:\/\/www.europesays.com\/ee\/wp-json\/wp\/v2\/categories?post=119860"},{"taxonomy":"post_tag","embeddable":true,"href":"https:\/\/www.europesays.com\/ee\/wp-json\/wp\/v2\/tags?post=119860"}],"curies":[{"name":"wp","href":"https:\/\/api.w.org\/{rel}","templated":true}]}}