{"id":120061,"date":"2026-03-03T10:49:06","date_gmt":"2026-03-03T10:49:06","guid":{"rendered":"https:\/\/www.europesays.com\/ee\/120061\/"},"modified":"2026-03-03T10:49:06","modified_gmt":"2026-03-03T10:49:06","slug":"politico-khamenei-tapmine-on-suvendanud-putini-paranoiat-ja-iha-voita-ukrainas","status":"publish","type":"post","link":"https:\/\/www.europesays.com\/ee\/120061\/","title":{"rendered":"Politico: Khamenei tapmine on s\u00fcvendanud Putini paranoiat ja iha v\u00f5ita Ukrainas"},"content":{"rendered":"<p>Politico hinnangul oli m\u00f5lemat n\u00e4ha <a rel=\"noopener nofollow\" target=\"_blank\" href=\"https:\/\/www.delfi.ee\/teema\/24680929\/kreml\" tag-id=\"24680929\">Kremli<\/a> veebilehele postitatud l\u00fchikeses avalduses, milles Putin m\u00f5istis Khamenei tapmise hukka kui \u201em\u00f5rva \/&#8230;\/, mis pandi toime inimmoraali ja rahvusvahelise \u00f5iguse k\u00f5iki norme k\u00fc\u00fcniliselt rikkudes\u201c.<\/p>\n<p>See oli tugevam reaktsioon kui p\u00e4rast teise Venemaa liitlase, <a rel=\"noopener nofollow\" target=\"_blank\" href=\"https:\/\/www.delfi.ee\/teema\/31263103\/venezuela\" tag-id=\"31263103\">Venezuela<\/a> presidendi <a rel=\"noopener nofollow\" target=\"_blank\" href=\"https:\/\/www.delfi.ee\/teema\/65394868\/nicolas-maduro\" tag-id=\"65394868\">Nicol\u00e1s Maduro<\/a> vangi v\u00f5tmist USA poolt, m\u00e4rgib Politico. Ometi ei maininud Putin nimepidi riike, mis Khamenei tapmise taga olid.<\/p>\n<p>Venemaal kutsus Khamenei surm esile v\u00f5rdlusi \u00fche teise diktaatori langemisega. Mobiiltelefoniga filmitud video <a rel=\"noopener nofollow\" target=\"_blank\" href=\"https:\/\/www.delfi.ee\/teema\/25448543\/liibua\" tag-id=\"25448543\">Liib\u00fca<\/a> endise valitseja <a rel=\"noopener nofollow\" target=\"_blank\" href=\"https:\/\/www.delfi.ee\/teema\/56383644\/muammar-gaddafi\" tag-id=\"56383644\">Muammar Gaddafi<\/a> surnuks peksmisest p\u00e4rast 2011. aasta <a rel=\"noopener nofollow\" target=\"_blank\" href=\"https:\/\/www.delfi.ee\/teema\/24581263\/nato\" tag-id=\"24581263\">NATO<\/a> juhitud sissetungi viis Putini Vene ajakirjaniku Mihhail Z\u00f5gari s\u00f5nul ajurabandusele l\u00e4hedasse seisundisse.<\/p>\n<p>\u201eNad n\u00e4itasid kogu maailmale, kuidas ta tapeti, \u00fcleni verisena,\u201c \u00fctles n\u00e4htavalt tige Putin tollal televisioonis \u00fcle kantud pressikonverentsil. \u201eKas see on demokraatia?\u201c<\/p>\n<p>2012. aasta mais, mitte kaua p\u00e4rast Gaddafi kukutamist, naasis Putin p\u00e4rast vahepeal peaminister olemist presidendiametisse. Tema ilmne missioon oli l\u00e4\u00e4nest lahku l\u00fc\u00fca ja juurida v\u00e4lja kodused teisitim\u00f5tlejad, keda ta s\u00fc\u00fcdistas katsetes teha koost\u00f6\u00f6d Venemaa vaenlastega, et saavutada re\u017eiimivahetus, kirjutab Politico.<\/p>\n<p>\u201eSee oli just Gaddafi surm, millest sai Venemaa poliitikas p\u00f6\u00f6rdepunkt \u2013 nii v\u00e4lis- kui ka sisepoliitikas,\u201c kirjutas <a rel=\"noopener nofollow\" target=\"_blank\" href=\"https:\/\/www.delfi.ee\/teema\/24583397\/berliin\" tag-id=\"24583397\">Berliinis<\/a> asuva Carnegie Venemaa Euraasia Keskuse vanemteadur Aleksandr Baunov.<\/p>\n<p>Seda, et USA ja <a rel=\"noopener nofollow\" target=\"_blank\" href=\"https:\/\/www.delfi.ee\/teema\/25138591\/euroopa\" tag-id=\"25138591\">Euroopa<\/a> lubasid riigijuhi nii j\u00f5hkralt maha v\u00f5tta, pidas Putin reetmise tipuks, m\u00e4rkis Baunov.<\/p>\n<p>Aastate m\u00f6\u00f6dudes on Putin langenud \u00fcha s\u00fcgavamasse isolatsiooni.<\/p>\n<p>COVID-i pandeemia ajal n\u00f5uti nii v\u00e4lisriikide juhtidelt kui ka Vene ametiisikutelt, et nad hoiaksid Putinist mitme meetri kaugusele. Kohtumised tavaliste inimestega on hoolikalt lavastatud.<\/p>\n<p>Surnud Vene opositsiooniliider <a rel=\"noopener nofollow\" target=\"_blank\" href=\"https:\/\/www.delfi.ee\/teema\/63050010\/aleksei-navalnoi\" tag-id=\"63050010\">Aleksei Navaln\u00f5i<\/a> nimetas Putinit \u201epunkrivanaisaks\u201c.<\/p>\n<p>Venemaa liitlaste Maduro ja Khamenei j\u00e4rjest mahav\u00f5tmine on sundinud m\u00f5ningaid Kremli-meelseid kommentaatoreid rikkuma kirjutamata reeglit, et USA presidenti <a rel=\"noopener nofollow\" target=\"_blank\" href=\"https:\/\/www.delfi.ee\/teema\/32758637\/donald-trump\" tag-id=\"32758637\">Donald Trumpi<\/a> avalikult ei kritiseerita, kirjutab Politico.<\/p>\n<p>Venemaa julgeolekun\u00f5ukogu aseesimees <a rel=\"noopener nofollow\" target=\"_blank\" href=\"https:\/\/www.delfi.ee\/teema\/22724039\/dmitri-medvedev\" tag-id=\"22724039\">Dmitri Medvedev<\/a> kirjutas, et USA r\u00fcnnak Iraani vastu paljastas Trumpi \u201et\u00f5elised v\u00e4rvid\u201c.<\/p>\n<p>Esipropagandist <a rel=\"noopener nofollow\" target=\"_blank\" href=\"https:\/\/www.delfi.ee\/teema\/64280557\/vladimir-solovjov\" tag-id=\"64280557\">Vladimir Solovjov<\/a> s\u00fc\u00fcdistas USA-d kiskja moodi k\u00e4itumises, diplomaatia kasutamises, et \u201emeelitada saak valvsust kaotama, enne kui hambad k\u00f5rri l\u00f6\u00f6b\u201c.<\/p>\n<p>\u201eKas me m\u00f5istame, et jutt Iraanist on ka jutt Venemaast?\u201c k\u00fcsis Solovjov.<\/p>\n<p>\u201e\u00dckshaaval meie liitlased s\u00fcstemaatiliselt k\u00f5rvaldatakse,\u201c kirjutas Dugin. \u201eOn selge, kes on j\u00e4rgmine, ja on selge, mida l\u00e4bir\u00e4\u00e4kimised sellise vaenlasega tegelikult t\u00e4hendavad.\u201c<\/p>\n<p>Kremli-meelne v\u00e4ljaanne Segodnja avaldas arvamusloo pealkirjaga \u201eKuidas nad kavatsevad meid tappa\u201c.<\/p>\n<p>Kremli toon on diplomaatilisem.<\/p>\n<p>P\u00e4ev p\u00e4rast seda, kui Putin oli Khamenei tapmise hukka m\u00f5istnud, v\u00e4ljendas Kremli pressiesindaja <a rel=\"noopener nofollow\" target=\"_blank\" href=\"https:\/\/www.delfi.ee\/teema\/59186134\/dmitri-peskov\" tag-id=\"59186134\">Dmitri Peskov<\/a> \u201es\u00fcgavat pettumust\u201c, et USA-Iraani l\u00e4bir\u00e4\u00e4kimised nurjusid, aga \u201ehindas k\u00f5rgelt\u201c USA j\u00f5upingutusi vahendada Ukraina rahu.<\/p>\n<p>Politico hinnangul on s\u00f5num selline, et Putin ei lase oma tunnetel Iraani kohta eesm\u00e4rke Ukrainas segada.<\/p>\n<p>\u201eTema suurim relv konfliktis on olnud Trumpi administratsiooni valmisolek ja v\u00f5ime panna surve Ukrainale ja eurooplastele,\u201c \u00fctles Londoni King\u2019s College\u2019i Venemaa poliitika professor Sam Greene. \u201eJa nii ei ole tema jaoks absoluutselt mingit p\u00f5hjust sellest relvast loobuda.\u201c<\/p>\n<p>\u201ePutin ei kavatse riskida oma isikliku julgeolekuga, oma re\u017eiimi julgeolekuga v\u00f5i oma n\u00e4gemusega Venemaa riiklikust julgeolekust, et paljastada oma kael iraanlaste, p\u00f5hjakorealaste, hiinlaste v\u00f5i kelle iganes muu aitamiseks,\u201c \u00fctles Greene.<\/p>\n<p><a rel=\"noopener nofollow\" target=\"_blank\" href=\"https:\/\/www.delfi.ee\/teema\/22871535\/moskva\" tag-id=\"22871535\">Moskva<\/a> jaoks on Iraani kriisil Politico s\u00f5nul ka erinevaid positiivseid k\u00fclgi, sealhulgas k\u00f5rgema nafta hinna, Euroopa ja USA erimeelsuste ja Washingtonis Ukraina vastu t\u00e4helepanu kadumise v\u00e4ljavaade.<\/p>\n<p>Trumpi tegevus aitab lisaks kinnitada Putini narratiivi l\u00e4\u00e4ne hegemoonia ohtlikkusest.<\/p>\n<p>Lisaks sellele on Putinil erinevalt Gaddafist ja Khamaneist tuumarelv.<\/p>\n<p>Politico kirjutab aga, et tuumarelv ei kaitse siseohtude eest, mist\u00f5ttu v\u00f5ib diktaatoritest kolleegide langemine tugevdada Putini hirme, aga need ei keskendu niiv\u00f5rd NATO rakettidele, kuiv\u00f5rd paleeintriigidele.<\/p>\n<p>Greene\u2019i s\u00f5nul teab Putin sama h\u00e4sti kui kestahes muu, et diktaatorid, kes on koondanud nii palju v\u00f5imu kui tema ja nii kaua, kipuvad lahkuma ametist \u00fchel kahest viisist.<\/p>\n<p>\u201eKas vahi all v\u00f5i kastis,\u201c \u00fctles Greene.<\/p>\n<p>Kuidas see lugu Sind end tundma pani? Saada <a href=\"https:\/\/www.delfi.ee\/artikkel\/120439846\/politico-khamenei-tapmine-on-suvendanud-putini-paranoiat-ja-iha-voita-ukrainas\/kommentaarid\" class=\"article-body-bottom__comment article-body-bottom__comment--write button button--primary button--size-auto\" rel=\"nofollow noopener\" target=\"_blank\"> Kommenteeri <\/a><a href=\"https:\/\/www.delfi.ee\/artikkel\/120439846\/politico-khamenei-tapmine-on-suvendanud-putini-paranoiat-ja-iha-voita-ukrainas\/kommentaarid\" class=\"article-body-bottom__comment article-body-bottom__comment--read button button--size-auto\" rel=\"nofollow noopener\" target=\"_blank\"> Loe kommentaare (14)<\/a><\/p>\n","protected":false},"excerpt":{"rendered":"Politico hinnangul oli m\u00f5lemat n\u00e4ha Kremli veebilehele postitatud l\u00fchikeses avalduses, milles Putin m\u00f5istis Khamenei tapmise hukka kui \u201em\u00f5rva&hellip;\n","protected":false},"author":2,"featured_media":120062,"comment_status":"","ping_status":"","sticky":false,"template":"","format":"standard","meta":{"footnotes":"","_share_on_mastodon":"0"},"categories":[80],"tags":[6723,120,37105,613,26,27,2267,944,324,37,33,35,34,36,112,31,32,21,619,1925,103,28,29,4368,95,108,4369,54,19,6782,25,23,24,262,22,325,20,96,3344,30,661,5072,2405,92,93,94],"class_list":["post-120061","post","type-post","status-publish","format-standard","has-post-thumbnail","category-maailm","tag-aleksandr-dugin","tag-aleksei-navalnoi","tag-ali-khamenei","tag-berliin","tag-breaking-news","tag-breakingnews","tag-dmitri-medvedev","tag-dmitri-peskov","tag-donald-trump","tag-ee","tag-eesti","tag-eesti-keel","tag-estonia","tag-estonian","tag-euroopa","tag-featured-news","tag-featurednews","tag-headlines","tag-iisrael","tag-iraan","tag-kreml","tag-latest-news","tag-latestnews","tag-liibua","tag-maailm","tag-moskva","tag-muammar-gaddafi","tag-nato","tag-news","tag-nicolas-maduro","tag-populaarseimad-lood","tag-top-stories","tag-topstories","tag-ukraina","tag-uldised-uudised","tag-usa","tag-uudised","tag-venemaa","tag-venezuela","tag-viimased-uudised","tag-vladimir-putin","tag-vladimir-solovjov","tag-washington","tag-world","tag-world-news","tag-worldnews"],"share_on_mastodon":{"url":"","error":"Validation failed: Text character limit of 500 exceeded"},"_links":{"self":[{"href":"https:\/\/www.europesays.com\/ee\/wp-json\/wp\/v2\/posts\/120061","targetHints":{"allow":["GET"]}}],"collection":[{"href":"https:\/\/www.europesays.com\/ee\/wp-json\/wp\/v2\/posts"}],"about":[{"href":"https:\/\/www.europesays.com\/ee\/wp-json\/wp\/v2\/types\/post"}],"author":[{"embeddable":true,"href":"https:\/\/www.europesays.com\/ee\/wp-json\/wp\/v2\/users\/2"}],"replies":[{"embeddable":true,"href":"https:\/\/www.europesays.com\/ee\/wp-json\/wp\/v2\/comments?post=120061"}],"version-history":[{"count":0,"href":"https:\/\/www.europesays.com\/ee\/wp-json\/wp\/v2\/posts\/120061\/revisions"}],"wp:featuredmedia":[{"embeddable":true,"href":"https:\/\/www.europesays.com\/ee\/wp-json\/wp\/v2\/media\/120062"}],"wp:attachment":[{"href":"https:\/\/www.europesays.com\/ee\/wp-json\/wp\/v2\/media?parent=120061"}],"wp:term":[{"taxonomy":"category","embeddable":true,"href":"https:\/\/www.europesays.com\/ee\/wp-json\/wp\/v2\/categories?post=120061"},{"taxonomy":"post_tag","embeddable":true,"href":"https:\/\/www.europesays.com\/ee\/wp-json\/wp\/v2\/tags?post=120061"}],"curies":[{"name":"wp","href":"https:\/\/api.w.org\/{rel}","templated":true}]}}