{"id":120078,"date":"2026-03-03T11:13:09","date_gmt":"2026-03-03T11:13:09","guid":{"rendered":"https:\/\/www.europesays.com\/ee\/120078\/"},"modified":"2026-03-03T11:13:09","modified_gmt":"2026-03-03T11:13:09","slug":"kulm-kuunlakuu-jai-aarmiselt-sajuvaeseks-postimees","status":"publish","type":"post","link":"https:\/\/www.europesays.com\/ee\/120078\/","title":{"rendered":"K\u00fclm k\u00fc\u00fcnlakuu j\u00e4i \u00e4\u00e4rmiselt sajuvaeseks &#8211; Postimees"},"content":{"rendered":"<ol>\n<li><a href=\"https:\/\/news.google.com\/rss\/articles\/CBMiggFBVV95cUxPUmszVDVmUVBWOUZfZTdfRkFXajlfYk5PV3ZoUHdvM1E4TEk5Wkx4eFJ3WExqUDZJUjJMS0JreUdKMWpxdm8wVUxWME5rM082NHpMajBYcTZBdlFXdWRNNG01VXVvYWgyODU0Qkx2dVZfRlI2c3F4Zlg2VjJRMmI3LWdn?oc=5\" target=\"_blank\" rel=\"nofollow noopener\">K\u00fclm k\u00fc\u00fcnlakuu j\u00e4i \u00e4\u00e4rmiselt sajuvaeseks<\/a>&nbsp;&nbsp;Postimees<\/li>\n<li><a href=\"https:\/\/news.google.com\/rss\/articles\/CBMilgFBVV95cUxPa21nTkUwX2M3TkxzZmREay1NZFJCczU0SjliVmc1VlNsRXlwdjl6eWtmd1pOUlVJWjhPZDNERlkxRlRocl81VXpDclY1WDhNYTNiRW15REE0NFA2VGw4MEFxOGpPZ1dOSTBfSzdla1ZCLTBQOEZkTzJwajRiYzVTNVhTRFhac2pReEVhZDFXSkc1d05sWGc?oc=5\" target=\"_blank\" rel=\"nofollow noopener\">Asjatundjad: seakatku ohjeldamiseks tuleks ka seadusi uuendada<\/a>&nbsp;&nbsp;ERR<\/li>\n<li><a href=\"https:\/\/news.google.com\/rss\/articles\/CBMiigFBVV95cUxNNXBicHdCSzVMRVpabEl6VUt4TUVzeFJjTFZXLUhPdmZ1QkdpVlhkNTZWNUkzVVJ0ZHhySUFqc3c5SE5IVnA3TUdETnVZb0d6V2FONDFVRkF0RG83aGNUdkhMVUdSdG4xcEFXVVJuMFRZNW1UU1didDcxQkJjSlVSZGZLend0MkdvTkE?oc=5\" target=\"_blank\" rel=\"nofollow noopener\">Euroopas ligi 300 SAK-i juhtu \u2013 Eestis kaheksa nakatunud metsiga<\/a>&nbsp;&nbsp;Eesti Jahimeeste Selts<\/li>\n<li><a href=\"https:\/\/news.google.com\/rss\/articles\/CBMiqwFBVV95cUxPQW42dE9pUHhXbUk2SjZfaFJZWWtOajdBcklWZ3g5VkVtY2VRajFBS01fZzdsdmNWMVJrZHpXbGF5WmFZOTdfRFpWLWZEQzNyQjBaM0xWY3dmM093bkRHNHd0VlpOUktIdWZRNjZWajZYNF9GRUtxeHlUN1lfVXJNdVJacDhzXzN0NjUwSEk4MmJwQkZUOTR1d3FEb0xsR3VkY0N3SnczMGJhcDA?oc=5\" target=\"_blank\" rel=\"nofollow noopener\">Vireeni juht ja loomaarst: seakatku uus puhang on vaid aja k\u00fcsimus<\/a>&nbsp;&nbsp;\u00c4rip\u00e4ev<\/li>\n<li><a href=\"https:\/\/news.google.com\/rss\/articles\/CBMioAFBVV95cUxPWXBPLV90bVRCajR2UVBIYTdzZV85a2xURHJkWGRNdEJHTDBQdVFXaDBtMU11cnF2OUJNWFIzdWJ2MTQzQmN3bk94TFRFN3dia2JhQ25ScGhydkRXWjFEdjNSemNNVEhIX0hfNDM0VGdxUVVmLTd2Q19iRUV3bUp1SGM5UDVKX19mTldnWWVJXzZFdU5NSnhCRUNaM0g4Yl8w?oc=5\" target=\"_blank\" rel=\"nofollow noopener\">Google Mapsi rakendus tunneb viimaks Ott Arderi t\u00e4navat<\/a>&nbsp;&nbsp;Virumaa Teataja<\/li>\n<\/ol>\n","protected":false},"excerpt":{"rendered":"K\u00fclm k\u00fc\u00fcnlakuu j\u00e4i \u00e4\u00e4rmiselt sajuvaeseks&nbsp;&nbsp;Postimees Asjatundjad: seakatku ohjeldamiseks tuleks ka seadusi uuendada&nbsp;&nbsp;ERR Euroopas ligi 300 SAK-i juhtu \u2013&hellip;\n","protected":false},"author":2,"featured_media":120079,"comment_status":"","ping_status":"","sticky":false,"template":"","format":"standard","meta":{"footnotes":"","_share_on_mastodon":"0"},"categories":[5],"tags":[26,27,37,33,35,34,36,31,32,21,668,28,29,19,25,23,24,22,20,28871,30],"class_list":["post-120078","post","type-post","status-publish","format-standard","has-post-thumbnail","category-uldised-uudised","tag-breaking-news","tag-breakingnews","tag-ee","tag-eesti","tag-eesti-keel","tag-estonia","tag-estonian","tag-featured-news","tag-featurednews","tag-headlines","tag-ilm","tag-latest-news","tag-latestnews","tag-news","tag-populaarseimad-lood","tag-top-stories","tag-topstories","tag-uldised-uudised","tag-uudised","tag-veebruar","tag-viimased-uudised"],"share_on_mastodon":{"url":"https:\/\/pubeurope.com\/@ee\/116164952242715901","error":""},"_links":{"self":[{"href":"https:\/\/www.europesays.com\/ee\/wp-json\/wp\/v2\/posts\/120078","targetHints":{"allow":["GET"]}}],"collection":[{"href":"https:\/\/www.europesays.com\/ee\/wp-json\/wp\/v2\/posts"}],"about":[{"href":"https:\/\/www.europesays.com\/ee\/wp-json\/wp\/v2\/types\/post"}],"author":[{"embeddable":true,"href":"https:\/\/www.europesays.com\/ee\/wp-json\/wp\/v2\/users\/2"}],"replies":[{"embeddable":true,"href":"https:\/\/www.europesays.com\/ee\/wp-json\/wp\/v2\/comments?post=120078"}],"version-history":[{"count":0,"href":"https:\/\/www.europesays.com\/ee\/wp-json\/wp\/v2\/posts\/120078\/revisions"}],"wp:featuredmedia":[{"embeddable":true,"href":"https:\/\/www.europesays.com\/ee\/wp-json\/wp\/v2\/media\/120079"}],"wp:attachment":[{"href":"https:\/\/www.europesays.com\/ee\/wp-json\/wp\/v2\/media?parent=120078"}],"wp:term":[{"taxonomy":"category","embeddable":true,"href":"https:\/\/www.europesays.com\/ee\/wp-json\/wp\/v2\/categories?post=120078"},{"taxonomy":"post_tag","embeddable":true,"href":"https:\/\/www.europesays.com\/ee\/wp-json\/wp\/v2\/tags?post=120078"}],"curies":[{"name":"wp","href":"https:\/\/api.w.org\/{rel}","templated":true}]}}