{"id":120158,"date":"2026-03-03T13:03:13","date_gmt":"2026-03-03T13:03:13","guid":{"rendered":"https:\/\/www.europesays.com\/ee\/120158\/"},"modified":"2026-03-03T13:03:13","modified_gmt":"2026-03-03T13:03:13","slug":"iraani-kriis-toi-taas-esile-voimuvoitluse-el-i-valispoliitika-tegemisel-valismaa","status":"publish","type":"post","link":"https:\/\/www.europesays.com\/ee\/120158\/","title":{"rendered":"Iraani kriis t\u00f5i taas esile v\u00f5imuv\u00f5itluse EL-i v\u00e4lispoliitika tegemisel | V\u00e4lismaa"},"content":{"rendered":"<p>Laup\u00e4eva varahommikul, kui Teherani olid tabanud esimesed \u00f5hul\u00f6\u00f6gid, kiirustasid Euroopa Komisjoni president Ursula von der Leyen ja Euroopa \u00dclemkogu alaline eesistuja Ant\u00f3nio Costa sellele reageerima \u00fchisavaldusega, milles kutsuti \u00fcles maksimaalsele vaoshoitusele.<\/p>\n<blockquote class=\"twitter-tweet\">\n<p lang=\"en\" dir=\"ltr\">The developments in Iran are greatly concerning. We remain in close contact with our partners in the region.<\/p>\n<p>We reaffirm our steadfast commitment to safeguarding regional security and stability. <\/p>\n<p>Ensuring nuclear safety and preventing any actions that could further escalate\u2026<\/p>\n<p>\u2014 Ursula von der Leyen (@vonderleyen) <a href=\"https:\/\/twitter.com\/vonderleyen\/status\/2027691363811090828?ref_src=twsrc%5Etfw\" rel=\"nofollow noopener\" target=\"_blank\">February 28, 2026<\/a><\/p><\/blockquote>\n<p>Kuid neist j\u00f5udis ette Euroopa Liidu v\u00e4lispoliitika juht Kaja Kallas, kes oli pool tundi varem avaldanud oma kirja, milles ta \u00fctles, et uurib diplomaatilisi lahendusi, <a href=\"https:\/\/www.politico.eu\/article\/iran-crisis-eu-foreign-policy-turf-war-kaja-kallas-ursula-von-der-leyen\/\" target=\"_blank\" rel=\"noopener nofollow\">kirjeldas Politico.<\/a><\/p>\n<blockquote class=\"twitter-tweet\">\n<p lang=\"en\" dir=\"ltr\">The latest developments across the Middle East are perilous.<\/p>\n<p>Iran&#8217;s regime has killed thousands. Its ballistic missile and nuclear programmes, along with support for terror groups, pose a serious threat to global security. The EU has adopted strong sanctions against Iran and\u2026<\/p>\n<p>\u2014 Kaja Kallas (@kajakallas) <a href=\"https:\/\/twitter.com\/kajakallas\/status\/2027683279789252990?ref_src=twsrc%5Etfw\" rel=\"nofollow noopener\" target=\"_blank\">February 28, 2026<\/a><\/p><\/blockquote>\n<p>Kallas ja von der Leyen ei r\u00e4\u00e4kinud sel n\u00e4dalavahetusel omavahel otse, \u00fctles \u00fcks ametnik, hoolimata EL-i aktiivsest diplomaatilisest tegevusest ja p\u00fc\u00fcdlustest \u00fchtset seisukohta v\u00f5tta. Selline l\u00f5he on s\u00fcmptomaatiline EL-i t\u00e4idesaatva v\u00f5imu (komisjoni \u2013 toim.) ja selle v\u00e4lispoliitika haru suhetes, \u00fctlesid viis protsesse l\u00e4hedal n\u00e4gevat diplomaati ja ametnikku Politicole.<\/p>\n<p>&#8220;Kaja Kallase ja Ursula von der Leyeni vaheline rivaalitsemine on ilmne,&#8221; \u00fctles Euroopa Parlamendi kaitse- ja julgeolekukomisjoni liberaalist esimees Marie-Agnes Strack-Zimmermann v\u00e4ljaandele Politico. &#8220;See peegeldab p\u00e4devuste jaotust Euroopa v\u00e4lispoliitikas, mis ei ole alati selgelt tasakaalustatud,&#8221; lisas ta.<\/p>\n<p>Viimane konflikt toob esile EL-i laiema probleemi v\u00e4liskriiside ajal, alates Venemaa s\u00f5jast Ukrainas kuni uute konfliktideni L\u00e4his-Idas. Samal ajal kui blokk p\u00fc\u00fcab hoida suhteid Washingtoniga ja n\u00e4idata transatlantilist \u00fchtsust, on institutsioonidevaheline v\u00f5itlus Br\u00fcsselis raskendanud p\u00fc\u00fcdlusi olla usaldusv\u00e4\u00e4rne geopoliitiline tegija.<\/p>\n<p>&#8220;Ainus viis, kuidas EL saab selles kriisis olulist rolli m\u00e4ngida, on see, kui me j\u00e4\u00e4me \u00fchtseks,&#8221; \u00fctles \u00fcks anon\u00fc\u00fcmsust palunud EL-i ametnik. &#8220;See on nende d\u00fcnaamika osas pidev,&#8221; \u00fctles teine \u200b\u200bkahe juhi vahelise l\u00f5he kohta. Kolmas \u00fctles aga, et see pole mingi saladus ega midagi uut, et von der Leyen ja tema volinike meeskond oleks rahul Kallase k\u00f5rvalet\u00f5rjumisega. Protokolli ja portfelli sisu (v\u00f5imu-ulatuse \u2013 toim.) k\u00fcsimused on bloki jaoks muutunud m\u00e4\u00e4ravaks teemaks, \u00fctles p\u00fchap\u00e4eval toimunud v\u00e4lisministrite kohtumisel osalenud EL-i diplomaat. &#8220;Br\u00fcsseli mull keskendub sellele, kes peaks r\u00e4\u00e4kima \u2013 ja millisel \u00f5iguslikul alusel,&#8221; m\u00e4rkis ta.<\/p>\n<p>Ajalooliselt on rahvusvahelised suhted olnud Kallase kui v\u00e4lisasjade ja julgeolekupoliitika k\u00f5rge esindaja rollis oleva isiku p\u00e4devuses ning temal ja tema juhitud Euroopa V\u00e4listeenistusel (EEAS) on mandaat, mis seisab eraldi von der Leyeni omast. Kuid kuna geopoliitika m\u00f5jutab \u00fcha enam Euroopa Liidu p\u00f5hifunktsioone, m\u00e4ngivad komisjoni president ja tema meeskond \u00fcha kesksemat rolli, selgitas Politico.<\/p>\n<p>&#8220;H\u00e4daolukorrad, abi andmine, toetus meie kodanikele, tarneahelate muutumise tagaj\u00e4rjed, \u00f5huruumi sulgemised, v\u00f5imalik r\u00e4nde suurenemine, k\u00fcberohud, l\u00e4\u00e4nes paiknevate v\u00f5imalike Iraani terrori\u00fcksustega tegelemine \u2013 k\u00f5iki neid asju [koordineerib] Euroopa Komisjon,&#8221; \u00fctles neljas ametnik.<\/p>\n<p>Kuigi diplomaatidega suhtlemine on Kallase ees\u00f5igus, \u00fctles ametnik, ei suudetud p\u00fchap\u00e4eval toimunud v\u00e4lisasjade n\u00f5ukogul selget konsensust saavutada ja seega on n\u00fc\u00fcd von der Leyeni juhitud komisjoni \u00fclesanne v\u00e4lja selgitada, kuidas edasi liikuda. Jutud isiklikest lahkarvamustest kahe naise vahel on aga lihtsalt meediakli\u0161ee kahest naisest, kes l\u00e4bi ei saa, lisas ametnik.<\/p>\n<p>Von der Leyeni ja Kallase esindajad keeldusid kommentaaridest Politicole.<\/p>\n<p>Von der Leyen kerkib esile<\/p>\n<p>Kui n\u00e4dalavahetusel L\u00e4his-Idas v\u00e4givald s\u00fcvenes ja Iraan algatas vastur\u00fcnnakuid USA baaside vastu P\u00e4rsia lahes, kiirustas komisjoni president EL-i reageeringut juhtima \u2013 tegi avaldusi, helistas piirkondlikele juhtidele, edastades sellega s\u00f5numi, et tema on olukorra eestvedaja. Vaid 48 tunni jooksul postitas ta sotsiaalmeediakeskkonnas X k\u00fcmme korda, mida saab pidada tema digitaalse diplomaatia plahvatuseks, kuna see on teravas vastuolus tema m\u00e4rksa tagasihoidlikuma suhtumisega teistesse hiljutistesse kriisidesse, sealhulgas Venezuelas selle aasta alguses toimunusse, mil ta r\u00f5hutas, et koordineerib oma tegevust Kallasega, m\u00e4rkis Politico.<\/p>\n<p>Laup\u00e4eval, samal ajal kui Kallas p\u00fc\u00fcdis v\u00e4lisministrite tasandil arutelusid edasi viia, kutsudes j\u00e4rgmiseks p\u00e4evaks erakorralisteks k\u00f5nelusteks kokku v\u00e4lisasjade n\u00f5ukogu, v\u00f5ttis komisjoni juhi m\u00f5jukas kantselei\u00fclem Bj\u00f6rn Seibert \u00fchendust t\u00e4htsamate volinike meeskondadega, et teavitada neid otsusest kutsuda esmasp\u00e4eval kokku nn julgeolekukolled\u017e komisjoni logistilise ja praktilise reageerimise koordineerimiseks.<\/p>\n<p>Von der Leyeni teise ametiaja alguses loodud organ on tegelenud peamiselt poliitiliste prioriteetide kujundamisega, mitte operatiivse kriisiohjega. Kuid see on muutumas, t\u00f5des Politico.<\/p>\n<p>Alates eelmisest aastast on von der Leyen surunud peale komisjoni positsiooni tugevdamist v\u00e4lispoliitikas, eelk\u00f5ige L\u00e4his-Ida, P\u00f5hja-Aafrika ja P\u00e4rsia lahe peadirektoraadi (DG MENA) loomise kaudu volinik Dubravka \u0160uica juhtimisel. Br\u00fcsselis t\u00f5lgendati seda sammu laialdaselt kui katset t\u00f5mmata osa Euroopa v\u00e4listeenistuse m\u00f5just Berlaymonti (Euroopa Komisjoni peakorter Br\u00fcsselis \u2013 toim.) alla.<\/p>\n<p>Komisjoni ametnik \u00fctles Politicole, et DG MENA-lt oodatakse Iraani ja EL-i L\u00e4his-Ida strateegia rakendamise aruteludes keskset rolli, kuna P\u00e4rsia lahe riigid ja Iraan kuuluvad selle portfelli.<\/p>\n<p>Kuid m\u00f5ned Euroopa Parlamendi m\u00f5jukad liikmed on komisjoni aktiivsema rolli v\u00f5tmise ambitsioonidele vastu seisnud. &#8220;EL-il on k\u00f5rge esindaja ja teda tuleks pigem tema t\u00f6\u00f6 tegemisel toetada,&#8221; \u00fctles Dan Barna, kes on von der Leyenit toetavasse koalitsiooni kuuluva tsentristliku partei Renew seadusandja ja Euroopa Parlamendi v\u00e4liskomisjoni liige.<\/p>\n<p>Euroopa v\u00e4listeenistus on j\u00e4rjekindlalt vastu seisnud igasugusele v\u00f5imu \u00fcleandmisele oma spetsialistide meeskondadelt ning Kallase frustratsioon komisjoni suhtes on h\u00e4sti dokumenteeritud. Endine Eesti peaminister oli kindlalt vastu <a href=\"https:\/\/www.err.ee\/1609937321\/politico-von-der-leyen-pehmendas-kallase-vastuseisu-jarel-luureuksuse-plaani\" target=\"_blank\" rel=\"noopener nofollow\">EL-i eraldi luure\u00fcksuse loomisele<\/a> von der Leyeni alluvuses ning \u00e4rritas samas oma kolleege Euroopa Komisjonis (mille liige ka ta ise on \u2013 toim.), p\u00fc\u00fcdes tuua <a href=\"https:\/\/www.err.ee\/1609851873\/politico-martin-selmayr-veel-brusselisse-ei-naase\" target=\"_blank\" rel=\"noopener nofollow\">vastuolulise poliitilise tegelase Martin Selmayri<\/a> tagasi EEAS-i tippjuhi kohale. Mitmed EL-i ametnikud kirjeldasid seda sammu toona kui Kallase katset saada samasugune poliitiline m\u00f5juv\u00f5im, mis von der Leyenil on Seiberti n\u00e4ol.<\/p>\n<p>&#8220;Me peame otsustama, kas me tahame institutsioonilist muutust \u2013 kas me tahame anda komisjonile rohkem v\u00e4lispoliitilisi funktsioone,&#8221; \u00fctles Nacho S\u00e1nchez Amor, kes on sotsialistide juhtiv seadusandja Euroopa Parlamendi v\u00e4liskomisjonis. &#8220;Meie partneritel kogu maailmas on \u00f5igus \u2013 nad ei tea sageli, kelle poole p\u00f6\u00f6rduda.&#8221;<\/p>\n<p><script async src=\"https:\/\/platform.twitter.com\/widgets.js\" charset=\"utf-8\"><\/script><\/p>\n","protected":false},"excerpt":{"rendered":"Laup\u00e4eva varahommikul, kui Teherani olid tabanud esimesed \u00f5hul\u00f6\u00f6gid, kiirustasid Euroopa Komisjoni president Ursula von der Leyen ja Euroopa&hellip;\n","protected":false},"author":2,"featured_media":120159,"comment_status":"","ping_status":"","sticky":false,"template":"","format":"standard","meta":{"footnotes":"","_share_on_mastodon":"0"},"categories":[5],"tags":[26,27,37,18890,33,35,55838,34,36,31,32,21,40362,1639,28,29,19,25,23,24,22,55839,20,30],"class_list":["post-120158","post","type-post","status-publish","format-standard","has-post-thumbnail","category-uldised-uudised","tag-breaking-news","tag-breakingnews","tag-ee","tag-eeas","tag-eesti","tag-eesti-keel","tag-el-valispoliitika","tag-estonia","tag-estonian","tag-featured-news","tag-featurednews","tag-headlines","tag-iraani-rundamine","tag-kaja-kallas","tag-latest-news","tag-latestnews","tag-news","tag-populaarseimad-lood","tag-top-stories","tag-topstories","tag-uldised-uudised","tag-ursula-von-der-leye","tag-uudised","tag-viimased-uudised"],"share_on_mastodon":{"url":"https:\/\/pubeurope.com\/@ee\/116165384855519819","error":""},"_links":{"self":[{"href":"https:\/\/www.europesays.com\/ee\/wp-json\/wp\/v2\/posts\/120158","targetHints":{"allow":["GET"]}}],"collection":[{"href":"https:\/\/www.europesays.com\/ee\/wp-json\/wp\/v2\/posts"}],"about":[{"href":"https:\/\/www.europesays.com\/ee\/wp-json\/wp\/v2\/types\/post"}],"author":[{"embeddable":true,"href":"https:\/\/www.europesays.com\/ee\/wp-json\/wp\/v2\/users\/2"}],"replies":[{"embeddable":true,"href":"https:\/\/www.europesays.com\/ee\/wp-json\/wp\/v2\/comments?post=120158"}],"version-history":[{"count":0,"href":"https:\/\/www.europesays.com\/ee\/wp-json\/wp\/v2\/posts\/120158\/revisions"}],"wp:featuredmedia":[{"embeddable":true,"href":"https:\/\/www.europesays.com\/ee\/wp-json\/wp\/v2\/media\/120159"}],"wp:attachment":[{"href":"https:\/\/www.europesays.com\/ee\/wp-json\/wp\/v2\/media?parent=120158"}],"wp:term":[{"taxonomy":"category","embeddable":true,"href":"https:\/\/www.europesays.com\/ee\/wp-json\/wp\/v2\/categories?post=120158"},{"taxonomy":"post_tag","embeddable":true,"href":"https:\/\/www.europesays.com\/ee\/wp-json\/wp\/v2\/tags?post=120158"}],"curies":[{"name":"wp","href":"https:\/\/api.w.org\/{rel}","templated":true}]}}