{"id":120199,"date":"2026-03-03T14:05:10","date_gmt":"2026-03-03T14:05:10","guid":{"rendered":"https:\/\/www.europesays.com\/ee\/120199\/"},"modified":"2026-03-03T14:05:10","modified_gmt":"2026-03-03T14:05:10","slug":"eesti-epeenaiskonna-peatreeneriks-saab-nikolai-novosjolov-vehklemine","status":"publish","type":"post","link":"https:\/\/www.europesays.com\/ee\/120199\/","title":{"rendered":"Eesti epeenaiskonna peatreeneriks saab Nikolai Novosjolov | Vehklemine"},"content":{"rendered":"<p>Eesti vehklemise naiste epeekoondise peatreeneriks saab endine tippvehkleja ja epeemeeskonna peatreener Nikolai Novosjolov.<\/p>\n<p>Karj\u00e4\u00e4ri jooksul kaks korda individuaalselt maailmameistriks kroonitud Novosjolov on \u00fchtlasi ka Katrina Lehise treener. Aastatel 2018-2019 t\u00e4itis ta ka epeemeeskonna peatreeneri kohuseid.<\/p>\n<p>Eesti Vehklemisliidu president Alar Eiche kinnitas juhatuse otsust j\u00e4rgmiselt: &#8220;Naiskonna ettevalmistus ol\u00fcmpiats\u00fckliks eeldab selget juhtimist ja \u00fchist arusaama nii sportlikest kui organisatsioonilistest p\u00f5him\u00f5tetest. Meie eesm\u00e4rk on tagada koondisele parim v\u00f5imalik keskkond, et saavutada rahvusvahelisel areenil k\u00f5rgeid tulemusi.&#8221;<\/p>\n","protected":false},"excerpt":{"rendered":"Eesti vehklemise naiste epeekoondise peatreeneriks saab endine tippvehkleja ja epeemeeskonna peatreener Nikolai Novosjolov. Karj\u00e4\u00e4ri jooksul kaks korda individuaalselt&hellip;\n","protected":false},"author":2,"featured_media":120200,"comment_status":"","ping_status":"","sticky":false,"template":"","format":"standard","meta":{"footnotes":"","_share_on_mastodon":"0"},"categories":[18],"tags":[20657,37,33,35,41185,34,36,6343,159,158],"class_list":["post-120199","post","type-post","status-publish","format-standard","has-post-thumbnail","category-sport","tag-alar-eiche","tag-ee","tag-eesti","tag-eesti-keel","tag-eesti-naiste-epeekoondis","tag-estonia","tag-estonian","tag-nikolai-novosjolov","tag-sport","tag-sports"],"share_on_mastodon":{"url":"https:\/\/pubeurope.com\/@ee\/116165628606516877","error":""},"_links":{"self":[{"href":"https:\/\/www.europesays.com\/ee\/wp-json\/wp\/v2\/posts\/120199","targetHints":{"allow":["GET"]}}],"collection":[{"href":"https:\/\/www.europesays.com\/ee\/wp-json\/wp\/v2\/posts"}],"about":[{"href":"https:\/\/www.europesays.com\/ee\/wp-json\/wp\/v2\/types\/post"}],"author":[{"embeddable":true,"href":"https:\/\/www.europesays.com\/ee\/wp-json\/wp\/v2\/users\/2"}],"replies":[{"embeddable":true,"href":"https:\/\/www.europesays.com\/ee\/wp-json\/wp\/v2\/comments?post=120199"}],"version-history":[{"count":0,"href":"https:\/\/www.europesays.com\/ee\/wp-json\/wp\/v2\/posts\/120199\/revisions"}],"wp:featuredmedia":[{"embeddable":true,"href":"https:\/\/www.europesays.com\/ee\/wp-json\/wp\/v2\/media\/120200"}],"wp:attachment":[{"href":"https:\/\/www.europesays.com\/ee\/wp-json\/wp\/v2\/media?parent=120199"}],"wp:term":[{"taxonomy":"category","embeddable":true,"href":"https:\/\/www.europesays.com\/ee\/wp-json\/wp\/v2\/categories?post=120199"},{"taxonomy":"post_tag","embeddable":true,"href":"https:\/\/www.europesays.com\/ee\/wp-json\/wp\/v2\/tags?post=120199"}],"curies":[{"name":"wp","href":"https:\/\/api.w.org\/{rel}","templated":true}]}}