{"id":120214,"date":"2026-03-03T14:20:13","date_gmt":"2026-03-03T14:20:13","guid":{"rendered":"https:\/\/www.europesays.com\/ee\/120214\/"},"modified":"2026-03-03T14:20:13","modified_gmt":"2026-03-03T14:20:13","slug":"soomes-arvatav-korterisuutamine-noudis-vaikelastega-pere-elu-monepaevane-beebi-paases-eluga-maailm-postimees-ee","status":"publish","type":"post","link":"https:\/\/www.europesays.com\/ee\/120214\/","title":{"rendered":"Soomes arvatav korteris\u00fc\u00fctamine n\u00f5udis v\u00e4ikelastega pere elu, m\u00f5nep\u00e4evane beebi p\u00e4\u00e4ses eluga &#8211; Maailm &#8211; Postimees.ee"},"content":{"rendered":"<ol>\n<li><a href=\"https:\/\/news.google.com\/rss\/articles\/CBMixgFBVV95cUxOY3doekNaZTVDZG9TSUtlTDVINHJkRkRfRk9HRkVCOTlsdmZFUkl0UEl1TUd5endWbVNtVW1pWURUQWRmekV4bWFDNWxHaW92NDgyb2VNeGhUZ0I3c2VweU04cFhMNWlnNk92aXVHQW5VQVg2Skc3NG03eTUxWTNwLTdrTmh4MlRFT2E0XzVQOFhOd01yMGpTM0JvY3hSbkpQTUFfdzRWYnMzaWl0REpiMzNGcEJ3TVh4a1ZNLXFXZ3NydEREeGc?oc=5\" target=\"_blank\" rel=\"nofollow noopener\">Soomes arvatav korteris\u00fc\u00fctamine n\u00f5udis v\u00e4ikelastega pere elu, m\u00f5nep\u00e4evane beebi p\u00e4\u00e4ses eluga<\/a>&nbsp;&nbsp;Maailm &#8211; Postimees.ee<\/li>\n<li><a href=\"https:\/\/news.google.com\/rss\/articles\/CBMijwFBVV95cUxQNjdTbFQ5b2RxMU1EdUlUeUtCSzdrblktQkE3b3NvZmlsS3hWdXdaNk10NjBOUGxGOUtJT0lFbHBWSklpMGl4endLaExQcVhGeUZZVWFEWFhzQlU2S1cwazlYY0pSQjNFRVVvbjc4cGhRZElBemJVY1lZRWVUdTY0U3VpU0RIOFMxX1hRZXVYTQ?oc=5\" target=\"_blank\" rel=\"nofollow noopener\">Soomes hukkus arvatava s\u00fc\u00fctamise tagaj\u00e4rjel viis inimest<\/a>&nbsp;&nbsp;ERR<\/li>\n<li><a href=\"https:\/\/news.google.com\/rss\/articles\/CBMikgFBVV95cUxPa01WRUNLN2o1R2xpZ1FPaEluQWhpbDV4aWJvenBacjFzVmNLRy1RN05oOV9IT1Flb3Nyd0hsTDN4RG81bGhxZWRyaXZVZnpOY2R1bmN5QXhXSFJwRDkyMU1VVUpBbGFGczZRWGJJU2gxcTl4bUstbTV4bzRialc0bmd3T05vb2xxSThlcXVaQUVyQQ?oc=5\" target=\"_blank\" rel=\"nofollow noopener\">Soomes hukkus tulekahjus 5 inimest, kahtlustatakse s\u00fc\u00fctamist<\/a>&nbsp;&nbsp;eestinen<\/li>\n<li><a href=\"https:\/\/news.google.com\/rss\/articles\/CBMi4gFBVV95cUxPZzMwMm9kUkNTdU9ablJUREhFSnV1dDEyWlItSFhWaXRyVTdncWV6c3BkUVJqUkhrbmlKNGtaZ0NpVDIyZE5PMUQwUUltOWdpNDdnaGJuU3lnTWhhb2xPZE9VX1dTRWN6TmRfREdGU2J3TXpWNXhROEhMZ0xmZ19lUXMwSHJVSldyTFhrVmxVeFdLZU1sNWJKbnFIVGVEUVc2ZDZPQVA5RDVpeVlmWlp4R2RrZkZGYVBZc1c2SXJBX2lmNzdWVTBTMmlCV24yOG9ITmM3UF9lc3FKTy1tYnNJOWdn?oc=5\" target=\"_blank\" rel=\"nofollow noopener\">Soomes hukkus tulekahjus somaallaste pere viis liiget. M\u00f5rvas kahtlustatuna peeti kinni 70-aastane naabrimees<\/a>&nbsp;&nbsp;Delfi<\/li>\n<li><a href=\"https:\/\/news.google.com\/rss\/articles\/CBMimgFBVV95cUxNSnhXby1vaDJXamU0a0h4REZyT3ZITXQ1MWtMRFJKZlZhVmkwbk9YTmJuRm10SUowRHFXNlBEeFFMZTVJazkzcmRKNEUyTEJhQnpBcnJ4Y05xNXhMOElkUFpSZXFsQllqRERvb1ZWMTJLMFB5WS1lZ3B4YXFwVVRydmcxNFRvOW5ZaG96MUVkRlNUcjdvT2Z3YzZn?oc=5\" target=\"_blank\" rel=\"nofollow noopener\">Soomes traagiline tulekahju: viis hukkunut ja kahtlus tahtlikus s\u00fc\u00fctamises<\/a>&nbsp;&nbsp;MinuAeg |<\/li>\n<\/ol>\n","protected":false},"excerpt":{"rendered":"Soomes arvatav korteris\u00fc\u00fctamine n\u00f5udis v\u00e4ikelastega pere elu, m\u00f5nep\u00e4evane beebi p\u00e4\u00e4ses eluga&nbsp;&nbsp;Maailm &#8211; Postimees.ee Soomes hukkus arvatava s\u00fc\u00fctamise tagaj\u00e4rjel&hellip;\n","protected":false},"author":2,"featured_media":120215,"comment_status":"","ping_status":"","sticky":false,"template":"","format":"standard","meta":{"footnotes":"","_share_on_mastodon":"0"},"categories":[5],"tags":[26,27,37,33,35,34,36,31,32,21,28,29,19,25,113,9577,23,24,22,20,9076,30],"class_list":["post-120214","post","type-post","status-publish","format-standard","has-post-thumbnail","category-uldised-uudised","tag-breaking-news","tag-breakingnews","tag-ee","tag-eesti","tag-eesti-keel","tag-estonia","tag-estonian","tag-featured-news","tag-featurednews","tag-headlines","tag-latest-news","tag-latestnews","tag-news","tag-populaarseimad-lood","tag-soome","tag-suutamine","tag-top-stories","tag-topstories","tag-uldised-uudised","tag-uudised","tag-vantaa","tag-viimased-uudised"],"share_on_mastodon":{"url":"https:\/\/pubeurope.com\/@ee\/116165687519613619","error":""},"_links":{"self":[{"href":"https:\/\/www.europesays.com\/ee\/wp-json\/wp\/v2\/posts\/120214","targetHints":{"allow":["GET"]}}],"collection":[{"href":"https:\/\/www.europesays.com\/ee\/wp-json\/wp\/v2\/posts"}],"about":[{"href":"https:\/\/www.europesays.com\/ee\/wp-json\/wp\/v2\/types\/post"}],"author":[{"embeddable":true,"href":"https:\/\/www.europesays.com\/ee\/wp-json\/wp\/v2\/users\/2"}],"replies":[{"embeddable":true,"href":"https:\/\/www.europesays.com\/ee\/wp-json\/wp\/v2\/comments?post=120214"}],"version-history":[{"count":0,"href":"https:\/\/www.europesays.com\/ee\/wp-json\/wp\/v2\/posts\/120214\/revisions"}],"wp:featuredmedia":[{"embeddable":true,"href":"https:\/\/www.europesays.com\/ee\/wp-json\/wp\/v2\/media\/120215"}],"wp:attachment":[{"href":"https:\/\/www.europesays.com\/ee\/wp-json\/wp\/v2\/media?parent=120214"}],"wp:term":[{"taxonomy":"category","embeddable":true,"href":"https:\/\/www.europesays.com\/ee\/wp-json\/wp\/v2\/categories?post=120214"},{"taxonomy":"post_tag","embeddable":true,"href":"https:\/\/www.europesays.com\/ee\/wp-json\/wp\/v2\/tags?post=120214"}],"curies":[{"name":"wp","href":"https:\/\/api.w.org\/{rel}","templated":true}]}}