{"id":120408,"date":"2026-03-03T19:31:11","date_gmt":"2026-03-03T19:31:11","guid":{"rendered":"https:\/\/www.europesays.com\/ee\/120408\/"},"modified":"2026-03-03T19:31:11","modified_gmt":"2026-03-03T19:31:11","slug":"infotunnis-arutletakse-tamsalu-perearstide-hetkeseisu-ule","status":"publish","type":"post","link":"https:\/\/www.europesays.com\/ee\/120408\/","title":{"rendered":"Infotunnis arutletakse Tamsalu perearstide hetkeseisu \u00fcle"},"content":{"rendered":"<p>Tapa vallavalitsuse ja Tamsalu Perearstid O\u00dc juhatuse infotund perearstiteenuse korraldusest ning tulevikuv\u00e4ljavaadetest toimub kolmap\u00e4eval, 4. m\u00e4rtsil algusega kell 18 Tamsalu kultuurimaja baariruumis.<\/p>\n<p>Infotunni eesm\u00e4rk on anda selge \u00fclevaade perearstiteenuse hetkeseisust, selgitada tehtud otsuseid ning vastata kogukonna k\u00fcsimustele. Kohtumisel r\u00e4\u00e4gitakse nii teenuse igap\u00e4evasest korraldusest kui ka tulevikuplaanidest.<\/p>\n","protected":false},"excerpt":{"rendered":"Tapa vallavalitsuse ja Tamsalu Perearstid O\u00dc juhatuse infotund perearstiteenuse korraldusest ning tulevikuv\u00e4ljavaadetest toimub kolmap\u00e4eval, 4. m\u00e4rtsil algusega kell&hellip;\n","protected":false},"author":2,"featured_media":120409,"comment_status":"","ping_status":"","sticky":false,"template":"","format":"standard","meta":{"footnotes":"","_share_on_mastodon":"0"},"categories":[12],"tags":[26,27,55927,37,33,35,34,36,31,32,21,33264,28,29,19,55928,25,15599,15604,23,24,22,20,30],"class_list":["post-120408","post","type-post","status-publish","format-standard","has-post-thumbnail","category-eesti","tag-breaking-news","tag-breakingnews","tag-doktor-petrenko","tag-ee","tag-eesti","tag-eesti-keel","tag-estonia","tag-estonian","tag-featured-news","tag-featurednews","tag-headlines","tag-infotund","tag-latest-news","tag-latestnews","tag-news","tag-perearstiteenus","tag-populaarseimad-lood","tag-tamsalu-perearstid-ou","tag-tapa-vallavalitsus","tag-top-stories","tag-topstories","tag-uldised-uudised","tag-uudised","tag-viimased-uudised"],"share_on_mastodon":{"url":"https:\/\/pubeurope.com\/@ee\/116166910520494204","error":""},"_links":{"self":[{"href":"https:\/\/www.europesays.com\/ee\/wp-json\/wp\/v2\/posts\/120408","targetHints":{"allow":["GET"]}}],"collection":[{"href":"https:\/\/www.europesays.com\/ee\/wp-json\/wp\/v2\/posts"}],"about":[{"href":"https:\/\/www.europesays.com\/ee\/wp-json\/wp\/v2\/types\/post"}],"author":[{"embeddable":true,"href":"https:\/\/www.europesays.com\/ee\/wp-json\/wp\/v2\/users\/2"}],"replies":[{"embeddable":true,"href":"https:\/\/www.europesays.com\/ee\/wp-json\/wp\/v2\/comments?post=120408"}],"version-history":[{"count":0,"href":"https:\/\/www.europesays.com\/ee\/wp-json\/wp\/v2\/posts\/120408\/revisions"}],"wp:featuredmedia":[{"embeddable":true,"href":"https:\/\/www.europesays.com\/ee\/wp-json\/wp\/v2\/media\/120409"}],"wp:attachment":[{"href":"https:\/\/www.europesays.com\/ee\/wp-json\/wp\/v2\/media?parent=120408"}],"wp:term":[{"taxonomy":"category","embeddable":true,"href":"https:\/\/www.europesays.com\/ee\/wp-json\/wp\/v2\/categories?post=120408"},{"taxonomy":"post_tag","embeddable":true,"href":"https:\/\/www.europesays.com\/ee\/wp-json\/wp\/v2\/tags?post=120408"}],"curies":[{"name":"wp","href":"https:\/\/api.w.org\/{rel}","templated":true}]}}