{"id":120410,"date":"2026-03-03T19:32:20","date_gmt":"2026-03-03T19:32:20","guid":{"rendered":"https:\/\/www.europesays.com\/ee\/120410\/"},"modified":"2026-03-03T19:32:20","modified_gmt":"2026-03-03T19:32:20","slug":"juhiloata-roolijoodik-jai-ilma-autost-moneks-ajaks-ka-vabadusest","status":"publish","type":"post","link":"https:\/\/www.europesays.com\/ee\/120410\/","title":{"rendered":"Juhiloata roolijoodik j\u00e4i ilma autost, m\u00f5neks ajaks ka vabadusest"},"content":{"rendered":"<p>Politseinikud tabasid N\u00f5o kandis roolijoodiku, kes oli neile silma j\u00e4\u00e4nud kahtlase s\u00f5idustiili t\u00f5ttu. Patrull tuvastas, et mees on varemgi purjusp\u00e4i rooli keeranud ning sel p\u00f5hjusel ka juhiloata j\u00e4\u00e4nud, mist\u00f5ttu pisteti ta pokri.<\/p>\n<p>Purjusp\u00e4i autoga s\u00f5itnud 48-aastane mees j\u00e4i politseile vahele Eesti Vabariigi aastap\u00e4eval, 24. veebruaril. Ta s\u00f5itis parasjagu s\u00f5iduautoga Volkswagen N\u00f5o kandis, kui temast m\u00f6\u00f6dus politseipatrull.<\/p>\n","protected":false},"excerpt":{"rendered":"Politseinikud tabasid N\u00f5o kandis roolijoodiku, kes oli neile silma j\u00e4\u00e4nud kahtlase s\u00f5idustiili t\u00f5ttu. Patrull tuvastas, et mees on&hellip;\n","protected":false},"author":2,"featured_media":120411,"comment_status":"","ping_status":"","sticky":false,"template":"","format":"standard","meta":{"footnotes":"","_share_on_mastodon":"0"},"categories":[5],"tags":[19147,26,27,37,33,35,34,36,31,32,21,13841,1752,55930,28,29,55929,19,22305,25,45892,23,24,22,20,30],"class_list":["post-120410","post","type-post","status-publish","format-standard","has-post-thumbnail","category-uldised-uudised","tag-alkoholijoove","tag-breaking-news","tag-breakingnews","tag-ee","tag-eesti","tag-eesti-keel","tag-estonia","tag-estonian","tag-featured-news","tag-featurednews","tag-headlines","tag-joobes-juhtimine","tag-kohus","tag-korduv-rikkumine","tag-latest-news","tag-latestnews","tag-liikluspolitsei","tag-news","tag-noo","tag-populaarseimad-lood","tag-roolijoodik","tag-top-stories","tag-topstories","tag-uldised-uudised","tag-uudised","tag-viimased-uudised"],"share_on_mastodon":{"url":"https:\/\/pubeurope.com\/@ee\/116166914419199979","error":""},"_links":{"self":[{"href":"https:\/\/www.europesays.com\/ee\/wp-json\/wp\/v2\/posts\/120410","targetHints":{"allow":["GET"]}}],"collection":[{"href":"https:\/\/www.europesays.com\/ee\/wp-json\/wp\/v2\/posts"}],"about":[{"href":"https:\/\/www.europesays.com\/ee\/wp-json\/wp\/v2\/types\/post"}],"author":[{"embeddable":true,"href":"https:\/\/www.europesays.com\/ee\/wp-json\/wp\/v2\/users\/2"}],"replies":[{"embeddable":true,"href":"https:\/\/www.europesays.com\/ee\/wp-json\/wp\/v2\/comments?post=120410"}],"version-history":[{"count":0,"href":"https:\/\/www.europesays.com\/ee\/wp-json\/wp\/v2\/posts\/120410\/revisions"}],"wp:featuredmedia":[{"embeddable":true,"href":"https:\/\/www.europesays.com\/ee\/wp-json\/wp\/v2\/media\/120411"}],"wp:attachment":[{"href":"https:\/\/www.europesays.com\/ee\/wp-json\/wp\/v2\/media?parent=120410"}],"wp:term":[{"taxonomy":"category","embeddable":true,"href":"https:\/\/www.europesays.com\/ee\/wp-json\/wp\/v2\/categories?post=120410"},{"taxonomy":"post_tag","embeddable":true,"href":"https:\/\/www.europesays.com\/ee\/wp-json\/wp\/v2\/tags?post=120410"}],"curies":[{"name":"wp","href":"https:\/\/api.w.org\/{rel}","templated":true}]}}