{"id":120488,"date":"2026-03-03T21:51:13","date_gmt":"2026-03-03T21:51:13","guid":{"rendered":"https:\/\/www.europesays.com\/ee\/120488\/"},"modified":"2026-03-03T21:51:13","modified_gmt":"2026-03-03T21:51:13","slug":"gedly-tugi-alustas-sloveenias-maailma-hooaja-kolmanda-tulemusega","status":"publish","type":"post","link":"https:\/\/www.europesays.com\/ee\/120488\/","title":{"rendered":"Gedly Tugi alustas Sloveenias maailma hooaja kolmanda tulemusega"},"content":{"rendered":"<p>Koperis uduses ning jahedates ilmastikuoludes ja suure v\u00f5istlejate arvu t\u00f5ttu pikaks veninud v\u00f5istluse v\u00f5itis ta tulemusega 58.24. Arvestades keerulisi tingimusi ning asjaolu, et tegemist on alles hooajaks ettevalmistamise perioodiga, on eelmise aasta parimale tulemusele l\u00e4hedane vise paljulubav.<\/p>\n<p>Hooaja maailma edetabelis on see praegu kolmas tulemus prantslanna Jade Maravali (58.66) ja jaapanlanna Momoko Tsuji (58.49) j\u00e4rel.<\/p>\n<p>J\u00e4rgmise stardi peaks Tugi tegema m\u00e4rtsi keskel K\u00fcprosel toimuval Euroopa heitealade karikav\u00f5istlusel, kus kohtuvad Euroopa parimad heitealade sportlased ning kus pannakse paika hooaja esimesed t\u00f5sisemad j\u00f5ujooned.<\/p>\n<p>Gedly Tugi isiklik rekord on 2023. aasta 2. juulil P\u00e4rnus visatud 60.65, millega ta asub Eesti k\u00f5igi aegade edetabelis kolmandal kohal. Temast ettepoole j\u00e4\u00e4vad Liina Laasma 63.65ga ja Moonika Aava 61.42ga.<\/p>\n","protected":false},"excerpt":{"rendered":"Koperis uduses ning jahedates ilmastikuoludes ja suure v\u00f5istlejate arvu t\u00f5ttu pikaks veninud v\u00f5istluse v\u00f5itis ta tulemusega 58.24. Arvestades&hellip;\n","protected":false},"author":2,"featured_media":120489,"comment_status":"","ping_status":"","sticky":false,"template":"","format":"standard","meta":{"footnotes":"","_share_on_mastodon":"0"},"categories":[18],"tags":[37,33,35,34,36,55955,14233,55957,8285,55956,55954,55958,1421,159,158],"class_list":["post-120488","post","type-post","status-publish","format-standard","has-post-thumbnail","category-sport","tag-ee","tag-eesti","tag-eesti-keel","tag-estonia","tag-estonian","tag-euroopa-heitealade-karikavoistlus","tag-gedly-tugi","tag-jade-maraval","tag-koper","tag-liina-laasma","tag-momoko-tsuji","tag-moonika-aava","tag-parnu","tag-sport","tag-sports"],"share_on_mastodon":{"url":"https:\/\/pubeurope.com\/@ee\/116167460987255286","error":""},"_links":{"self":[{"href":"https:\/\/www.europesays.com\/ee\/wp-json\/wp\/v2\/posts\/120488","targetHints":{"allow":["GET"]}}],"collection":[{"href":"https:\/\/www.europesays.com\/ee\/wp-json\/wp\/v2\/posts"}],"about":[{"href":"https:\/\/www.europesays.com\/ee\/wp-json\/wp\/v2\/types\/post"}],"author":[{"embeddable":true,"href":"https:\/\/www.europesays.com\/ee\/wp-json\/wp\/v2\/users\/2"}],"replies":[{"embeddable":true,"href":"https:\/\/www.europesays.com\/ee\/wp-json\/wp\/v2\/comments?post=120488"}],"version-history":[{"count":0,"href":"https:\/\/www.europesays.com\/ee\/wp-json\/wp\/v2\/posts\/120488\/revisions"}],"wp:featuredmedia":[{"embeddable":true,"href":"https:\/\/www.europesays.com\/ee\/wp-json\/wp\/v2\/media\/120489"}],"wp:attachment":[{"href":"https:\/\/www.europesays.com\/ee\/wp-json\/wp\/v2\/media?parent=120488"}],"wp:term":[{"taxonomy":"category","embeddable":true,"href":"https:\/\/www.europesays.com\/ee\/wp-json\/wp\/v2\/categories?post=120488"},{"taxonomy":"post_tag","embeddable":true,"href":"https:\/\/www.europesays.com\/ee\/wp-json\/wp\/v2\/tags?post=120488"}],"curies":[{"name":"wp","href":"https:\/\/api.w.org\/{rel}","templated":true}]}}