{"id":120522,"date":"2026-03-03T22:50:07","date_gmt":"2026-03-03T22:50:07","guid":{"rendered":"https:\/\/www.europesays.com\/ee\/120522\/"},"modified":"2026-03-03T22:50:07","modified_gmt":"2026-03-03T22:50:07","slug":"mitmest-heast-spetsialistist-ilma-jaanud-viljandi-vald-tostis-ametnike-palka","status":"publish","type":"post","link":"https:\/\/www.europesays.com\/ee\/120522\/","title":{"rendered":"Mitmest heast spetsialistist ilma j\u00e4\u00e4nud Viljandi vald t\u00f5stis ametnike palka"},"content":{"rendered":"<p>Maakonna omavalitsuste v\u00f5rdluses on Viljandi vallas n\u00fc\u00fcd t\u00f5esti\u00a0k\u00f5rgeimad palga maksimumm\u00e4\u00e4rad.\u00a0Palgajuhendis v\u00f5imalike maksimaalsete astmepalkade t\u00f5stmine ei t\u00e4henda aga veel \u00fchelegi t\u00f6\u00f6tajale automaatselt palgat\u00f5usu ning volikogu m\u00e4\u00e4ratud maksimaalm\u00e4\u00e4rani ulatuvad vaid \u00fcksikud palgad. Samas kinnitab vallavanem Alar Karu, et t\u00e4navu peaks palgat\u00f5us j\u00f5udma nii vallamajas t\u00f6\u00f6tavate ametnikeni kui ka enamikuni 750-st valla palgalisest.<\/p>\n","protected":false},"excerpt":{"rendered":"Maakonna omavalitsuste v\u00f5rdluses on Viljandi vallas n\u00fc\u00fcd t\u00f5esti\u00a0k\u00f5rgeimad palga maksimumm\u00e4\u00e4rad.\u00a0Palgajuhendis v\u00f5imalike maksimaalsete astmepalkade t\u00f5stmine ei t\u00e4henda aga veel&hellip;\n","protected":false},"author":2,"featured_media":120523,"comment_status":"","ping_status":"","sticky":false,"template":"","format":"standard","meta":{"footnotes":"","_share_on_mastodon":"0"},"categories":[5],"tags":[10367,26,27,37,33,35,34,36,31,32,21,28,29,19,55968,1323,25,23,24,22,20,16603,30,1775],"class_list":["post-120522","post","type-post","status-publish","format-standard","has-post-thumbnail","category-uldised-uudised","tag-alar-karu","tag-breaking-news","tag-breakingnews","tag-ee","tag-eesti","tag-eesti-keel","tag-estonia","tag-estonian","tag-featured-news","tag-featurednews","tag-headlines","tag-latest-news","tag-latestnews","tag-news","tag-palgajuhend","tag-palk","tag-populaarseimad-lood","tag-top-stories","tag-topstories","tag-uldised-uudised","tag-uudised","tag-vallad","tag-viimased-uudised","tag-viljandi-vald"],"share_on_mastodon":{"url":"https:\/\/pubeurope.com\/@ee\/116167692962575209","error":""},"_links":{"self":[{"href":"https:\/\/www.europesays.com\/ee\/wp-json\/wp\/v2\/posts\/120522","targetHints":{"allow":["GET"]}}],"collection":[{"href":"https:\/\/www.europesays.com\/ee\/wp-json\/wp\/v2\/posts"}],"about":[{"href":"https:\/\/www.europesays.com\/ee\/wp-json\/wp\/v2\/types\/post"}],"author":[{"embeddable":true,"href":"https:\/\/www.europesays.com\/ee\/wp-json\/wp\/v2\/users\/2"}],"replies":[{"embeddable":true,"href":"https:\/\/www.europesays.com\/ee\/wp-json\/wp\/v2\/comments?post=120522"}],"version-history":[{"count":0,"href":"https:\/\/www.europesays.com\/ee\/wp-json\/wp\/v2\/posts\/120522\/revisions"}],"wp:featuredmedia":[{"embeddable":true,"href":"https:\/\/www.europesays.com\/ee\/wp-json\/wp\/v2\/media\/120523"}],"wp:attachment":[{"href":"https:\/\/www.europesays.com\/ee\/wp-json\/wp\/v2\/media?parent=120522"}],"wp:term":[{"taxonomy":"category","embeddable":true,"href":"https:\/\/www.europesays.com\/ee\/wp-json\/wp\/v2\/categories?post=120522"},{"taxonomy":"post_tag","embeddable":true,"href":"https:\/\/www.europesays.com\/ee\/wp-json\/wp\/v2\/tags?post=120522"}],"curies":[{"name":"wp","href":"https:\/\/api.w.org\/{rel}","templated":true}]}}