{"id":120559,"date":"2026-03-04T01:42:09","date_gmt":"2026-03-04T01:42:09","guid":{"rendered":"https:\/\/www.europesays.com\/ee\/120559\/"},"modified":"2026-03-04T01:42:09","modified_gmt":"2026-03-04T01:42:09","slug":"sc-edetabel-paljud-muudatused-parast-vasaloppeti-17-hooaega","status":"publish","type":"post","link":"https:\/\/www.europesays.com\/ee\/120559\/","title":{"rendered":"SC edetabel: Paljud muudatused p\u00e4rast Vasaloppeti 17. hooaega"},"content":{"rendered":"<p>P\u00e4rast Vasaloppetit, XVII hooaja seitsmendat Pro Touri etappi ja kolmandat Grand Classicsi v\u00f5istlust, hoiab Emilie Fleten Team Ramuddenist SC Rankingi, mis on pikamaa-suusatajate globaalne edetabel, juhtpositsiooni 25 751 804 punktiga.<\/p>\n<p class=\"gt-block\">aasta\u00a0<a href=\"https:\/\/skiclassics.com\/results\/ranking\/?gender=all\" target=\"_blank\" rel=\"noreferrer noopener nofollow\">SC edetabel<\/a>, \u00fclemaailmses pikamaa murdmaasuusatajate edetabelis\u00fcsteemis, on teisel kohal Emilie Fleten Anikken Gjerde Aln\u00e6s (Team Engcon) 25 198 026 punktiga. Kolmandal kohal on Stina Nilsson (Team Ragde Charge) 24 634 602 punktiga.<\/p>\n<p>Esik\u00fcmnes t\u00f5usis Ole J\u00f8rgen Bruvoll Team Engconist 24 393,195 punktiga 5. kohale (kuuendalt kohalt); Andreas Nygaard Team Ragde Charge&#8217;ist on 7. kohal (\u00fchendalt kohalt) 24 281,867 punktiga; Amund Hoel Team Engconist t\u00f5useb 9. kohale (k\u00fcmnendalt kohalt) 24 179,413 punktiga; ja Amund Riege Team Aker D\u00e6hlie&#8217;st on 10. kohal (kaheteistk\u00fcmnendalt kohalt) 24 169,465 punktiga.<\/p>\n<p>P\u00e4rast Vasaloppetit on esik\u00fcmnes kaks Rootsi ja kaheksa Norra profimeeskonna sportlast.<\/p>\n<p>SC edetabel \u2013 10 parimat<\/p>\n<p>Top 20<\/p>\n<p>T\u00e4helepanuv\u00e4\u00e4rne on see, et 20 parema seas on Kasper Stadaas (Team Aker D\u00e6hlie) t\u00f5usnud 15. kohalt 14. kohale; Jeremy Royer (Team Eksj\u00f6hus) 20. kohalt 16. kohale; ja Magnus Vesterheim (Team Ramudden) 18. kohalt 17. kohale.<\/p>\n<p>Top 50<\/p>\n<p>50 parema hulka j\u00f5udnud sportlased: Einar Kalland-Olsen, Lager 157 suusameeskond (22.-21. kohal); Oskar Kardin, Lager 157 suusameeskond (25.-23. kohal); Johannes Ekl\u00f6f, G\u00f6hlinsi suusameeskond (30.-29. kohal); Nils Dahlsten, Lager 157 suusameeskond (33.-32. kohal); Elias Andersson, G\u00f6hlinsi suusameeskond (36.-34. kohal); ja Simon Vuillet, Slavia Poji\u0161\u0165ovna Robinson Trentino meeskond (37.-36. kohal).<\/p>\n<p>Samuti t\u00f5usevad Anton Elvseth, Team Engcon (44. kohalt 41. kohale); Vebj\u00f8rn Moen, Team Eksj\u00f6hus (46. kohalt 44. kohale); Mathias Aas Rolid, Team Aker D\u00e6hlie (47. kohalt 45. kohale); Klas Nilsson, Team Futura GTE Trentino (48. kohalt 46. kohale); Anton Persson, Team Ramudden (50. kohalt 49. kohale); ja Julie Kvale St\u00f8stad, Team Ramudden (51. kohalt 50. kohale).<\/p>\n<p>Top 100<\/p>\n<p>Pro Team sportlased, kes t\u00f5usid 100 parema seas viis v\u00f5i enam kohta: Bruno Dettmann, noortetiim (60.\u201355.); Lauri Mannila, meeskond Edux (93.\u201388.); Halvor Bade, meeskond Aktiv Mot Kreft (99.\u201393.); Mattia Armellini, meeskond Futura GTE Trentino (112.\u201394.); ja Mikael Gunnulfsen, meeskond Ragde Charge (114.\u201396.).<\/p>\n<p>Saage teada, kuidas SC edetabelis\u00fcsteem t\u00f6\u00f6tab!<\/p>\n<p class=\"gt-block\">.\u00a0<a href=\"https:\/\/mypages.skiclassics.com\/ranking?page=1\" target=\"_blank\" rel=\"noreferrer noopener nofollow\">SC edetabel<\/a>\u00a0Punkte arvutatakse protsentuaalse aja j\u00e4rgi, mille jooksul suusataja j\u00e4\u00e4b oma soogrupi v\u00f5iduajast maha, kusjuures punktide arv langeb eksponentsiaalselt. See v\u00f5imaldab luua \u00fchtse edetabeli nii naistele kui meestele, nii professionaalsetele kui ka harrastussuusatajatele.\u00a0<\/p>\n<p>Iga suusataja saab lisada tulemused oma 12 parimast v\u00f5istlusest viimase 24 kuu jooksul. Naine v\u00f5i mees, kellel on k\u00f5ige rohkem punkte, saab 1. koha. Ski Classics Pro Touri \u00fcritusel saavad v\u00f5itja nii naine kui ka mees 2 000 000 punkti; Challengersi \u00fcritusel koguvad v\u00f5itjad 500 000 punkti.<\/p>\n<p>Pro Team sportlastele antakse poodiumiboonuspunkte ka m\u00f5lema soo kolmele parimale suusatajale. Pro Touri turniiri v\u00f5itja saab 200 000 punkti, teine \u200b\u200bkoht 100 000 punkti ja kolmas koht 40 000 punkti.<\/p>\n<p>Registreeritud kasutajana saate kohti filtreerida rahvuse, vanuser\u00fchma ja soo j\u00e4rgi, kasutades oma lehe vaatekomplektis olevat filtri vahekaarti.<\/p>\n<p class=\"gt-block\">Loe rohkem &#8211;\u00a0<a href=\"https:\/\/www.proxcskiing.com\/et\/pikamaa\/sc-mypages-and-sc-ranking-how-does-it-work\/\" rel=\"nofollow noopener\" target=\"_blank\">SC MyPages ja SC edetabel: kuidas see toimib?<\/a><\/p>\n<p class=\"gt-block\">K\u00f5ik osalejad Ski Classics, Pro Touri v\u00f5i Challengersi \u00fcritustel saavad harrastus- ja profisuusatajad oma profiili \u00fchendada Ski Classics tulemuste andmebaas, mida nimetatakse <a href=\"https:\/\/mypages.skiclassics.com\/\" rel=\"nofollow noopener\" target=\"_blank\">MyPages<\/a>.<\/p>\n<p>\u00dcks keskseid omadusi MyPages on see, et saate oma globaalse SC edetabeli. SC edetabel on reaalajas uuendatav rahvusvaheline edetabel, mis on ainulaadne selle poolest, et \u00fchendab \u00fches nimekirjas naised ja mehed, professionaalsed ja harrastussuusatajad!<\/p>\n<p>J\u00e4rgmisena on laup\u00e4eval, 7. m\u00e4rtsil meestele ja p\u00fchap\u00e4eval, 8. m\u00e4rtsil 2026 naistele Orsa Gr\u00f6nklitti 50 km ITT. See s\u00fcndmus t\u00e4histab kaheksandat ja \u00fcheksandat Ski Classics XVII hooaja Pro Touri etapid.<\/p>\n<p class=\"gt-block\">Loe edasi:\u00a0<a href=\"https:\/\/www.proxcskiing.com\/et\/pikamaa\/ski-classics-pro-tour-season-xvii-2025-2026\/\" target=\"_blank\" rel=\"noreferrer noopener nofollow\">Ski Classics Pro Touri hooaeg XVII 2025\/2026<\/a><\/p>\n<p>XVII hooaeg Ski Classics Pro Tour koosneb 13 \u00fcritusest \u00fcheksal n\u00e4dalavahetusel kuues riigis.\u00a0<\/p>\n<p>Ski Classics Pro Touri hooaeg XVII (2025\/2026)<\/p>\n<ul class=\"wp-block-list\">\n<li>S\u00fcndmus 1:\u00a013. detsember 2025 \u2013 Bad Gastein Pro Team Tempo \u2013 Sportgastein, Austria, 7km<\/li>\n<li>S\u00fcndmus 2:\u00a014. detsember 2025 \u2013 Bad Gasteini kriteerium \u2013 Sportgastein, Austria, 36 km<\/li>\n<li>S\u00fcndmus 3:\u00a017. jaanuar 2026 \u2013 Engadin La Diagonela \u2013 Pontresina-Zuoz, \u0160veits, 47 km<\/li>\n<li>S\u00fcndmus 4:\u00a025. jaanuar 2026 \u2013 Marcialonga \u2013 Moena-Cavalese, Itaalia, 70 km<\/li>\n<li>S\u00fcndmus 5:\u00a030. jaanuar 2026 \u2013 Bed\u0159ichovi sprint \u2013 Bed\u0159ichov, T\u0161ehhi, 1.5 km<\/li>\n<li>S\u00fcndmus 6:\u00a01. veebruar 2026 \u2013 Jizersk\u00e150 \u2013 Bed\u0159ichov, T\u0161ehhi, 50 km<\/li>\n<li>S\u00fcndmus 7:\u00a01. m\u00e4rts 2026 \u2013 Vasaloppet \u2013 S\u00e4len-Mora, Rootsi, 90km<\/li>\n<li>S\u00fcndmus 8:\u00a07. m\u00e4rts 2026 \u2013 Orsa Gr\u00f6nklitt 50 k ITT naised \u2013 Gr\u00f6nklitt, Rootsi, 50 km<\/li>\n<li>S\u00fcndmus 9:\u00a08. m\u00e4rts 2026 \u2013 Orsa Gr\u00f6nklitt 50 k ITT mehed \u2013 Gr\u00f6nklitt, Rootsi, 50 km<\/li>\n<li>S\u00fcndmus 10:\u00a014. m\u00e4rts 2026 \u2013 Birkebeinerrennet \u2013 Rena-Lillehammer, Norra, 54km<\/li>\n<li>S\u00fcndmus 11:\u00a021. m\u00e4rts 2026 \u2013 Marcialonga Bod\u00f8 \u2013 Bod\u00f8, Norra, 50 km<\/li>\n<li>S\u00fcndmus 12:\u00a028. m\u00e4rts 2026 \u2013 Reistadl\u00f8pet \u2013 Setermoen-Bardufoss, Norra, 35km<\/li>\n<li>S\u00fcndmus 13:\u00a029. m\u00e4rts 2026 \u2013 Grand Finale Summit 2 Senja \u2013 Bardufoss-Finnsnes, Norra, 60 km<\/li>\n<\/ul>\n<p class=\"gt-block\">Lisateabe saamiseks ja \u00fcksikasjaliku teabe saamiseks Ski Classics Pro Tour, k\u00fclastage kindlasti\u00a0<a href=\"https:\/\/skiclassics.com\/\" target=\"_blank\" rel=\"noreferrer noopener nofollow\">skiclassics.com<\/a><\/p>\n<p>ProXCskiing.com liikmena saate t\u00e4ieliku juurdep\u00e4\u00e4su kogu saidi sisule ja otse\u00fclekannetele Ski Classics Pro Touri \u00fcritused ingliskeelse kommentaariga.<\/p>\n<p>Kui sinust saab osa \u00fchest maailma juhtivast murdmaasuusatamise kogukonnast, saad aastaringselt arvukalt eksklusiivseid pakkumisi.\u00a0<\/p>\n<p><a href=\"https:\/\/proxcskiing.com\/profile\/\" target=\"_blank\" rel=\"noreferrer noopener nofollow\"><img loading=\"lazy\" decoding=\"async\" width=\"1024\" height=\"313\" src=\"https:\/\/www.europesays.com\/ee\/wp-content\/uploads\/2025\/12\/Pro-XC-Skiing_WinterBanner_2024_980x300_EN-1024x313.png\" alt=\"Banner 2024\" class=\"wp-image-77122\"  \/><\/a><\/p>\n<p class=\"gt-block has-text-align-center\"><a href=\"https:\/\/proxcskiing.com\/profile\/\" target=\"_blank\" rel=\"noreferrer noopener nofollow\">REGISTREERU SIIN LIIKMEKS<\/a><\/p>\n","protected":false},"excerpt":{"rendered":"P\u00e4rast Vasaloppetit, XVII hooaja seitsmendat Pro Touri etappi ja kolmandat Grand Classicsi v\u00f5istlust, hoiab Emilie Fleten Team Ramuddenist&hellip;\n","protected":false},"author":2,"featured_media":120560,"comment_status":"","ping_status":"","sticky":false,"template":"","format":"standard","meta":{"footnotes":"","_share_on_mastodon":"0"},"categories":[18],"tags":[20990,37,33,35,34,36,35584,55972,43457,159,158,55148],"class_list":["post-120559","post","type-post","status-publish","format-standard","has-post-thumbnail","category-sport","tag-edetabel","tag-ee","tag-eesti","tag-eesti-keel","tag-estonia","tag-estonian","tag-proxcskimine","tag-sc","tag-ski-classics","tag-sport","tag-sports","tag-vasaloppet"],"share_on_mastodon":{"url":"https:\/\/pubeurope.com\/@ee\/116168369361510492","error":""},"_links":{"self":[{"href":"https:\/\/www.europesays.com\/ee\/wp-json\/wp\/v2\/posts\/120559","targetHints":{"allow":["GET"]}}],"collection":[{"href":"https:\/\/www.europesays.com\/ee\/wp-json\/wp\/v2\/posts"}],"about":[{"href":"https:\/\/www.europesays.com\/ee\/wp-json\/wp\/v2\/types\/post"}],"author":[{"embeddable":true,"href":"https:\/\/www.europesays.com\/ee\/wp-json\/wp\/v2\/users\/2"}],"replies":[{"embeddable":true,"href":"https:\/\/www.europesays.com\/ee\/wp-json\/wp\/v2\/comments?post=120559"}],"version-history":[{"count":0,"href":"https:\/\/www.europesays.com\/ee\/wp-json\/wp\/v2\/posts\/120559\/revisions"}],"wp:featuredmedia":[{"embeddable":true,"href":"https:\/\/www.europesays.com\/ee\/wp-json\/wp\/v2\/media\/120560"}],"wp:attachment":[{"href":"https:\/\/www.europesays.com\/ee\/wp-json\/wp\/v2\/media?parent=120559"}],"wp:term":[{"taxonomy":"category","embeddable":true,"href":"https:\/\/www.europesays.com\/ee\/wp-json\/wp\/v2\/categories?post=120559"},{"taxonomy":"post_tag","embeddable":true,"href":"https:\/\/www.europesays.com\/ee\/wp-json\/wp\/v2\/tags?post=120559"}],"curies":[{"name":"wp","href":"https:\/\/api.w.org\/{rel}","templated":true}]}}