{"id":120609,"date":"2026-03-04T05:04:08","date_gmt":"2026-03-04T05:04:08","guid":{"rendered":"https:\/\/www.europesays.com\/ee\/120609\/"},"modified":"2026-03-04T05:04:08","modified_gmt":"2026-03-04T05:04:08","slug":"norstati-kusitluses-langes-reformierakond-viiendaks-eesti","status":"publish","type":"post","link":"https:\/\/www.europesays.com\/ee\/120609\/","title":{"rendered":"Norstati k\u00fcsitluses langes Reformierakond viiendaks | Eesti"},"content":{"rendered":"<p>Viimased neli n\u00e4dalat languses olnud Reformierakonna toetus kukkus Sotsiaaldemokraatlikust Erakonnast (SDE) ja Eesti Konservatiivsest Rahvaerakonnast (EKRE) tahapoole ning on n\u00fc\u00fcd suuruselt viies, selgub MT\u00dc \u00dchiskonnauuringute Instituudi ja uuringufirma Norstat Eesti AS koost\u00f6\u00f6s korraldatava igan\u00e4dalase k\u00fcsitluse kolmap\u00e4eval avaldatud andmetest.<\/p>\n<p>Viimaste tulemuste p\u00f5hjal toetab Isamaad 27,4 protsenti, Keskerakonda 20,4 protsenti ning Sotsiaaldemokraatlikku Erakonda 13,9 protsenti valimis\u00f5iguslikest kodanikest.<\/p>\n<p>Esikolmikule j\u00e4rgnevad EKRE (13 protsenti), Reformierakond (12,9 protsenti), Parempoolsed (6,6 protsenti) ning Eesti 200 (2 protsenti).<\/p>\n<p>Viimase nelja n\u00e4dalaga kokku 2,3 protsendipunkti v\u00f5rra toetust kaotanud Reformierakond on langenud reitingutabelis kolmandalt kohalt viiendale ning peaministripartei toetus on hetkel praktiliselt v\u00f5rdne EKRE-ga.<\/p>\n<p><img decoding=\"async\" data-photo-id=\"3236807\" src=\"https:\/\/www.europesays.com\/ee\/wp-content\/uploads\/2026\/03\/3236807h5b29t24.png\"\/>Erakondade reitingud viimase nelja n\u00e4dala jooksul. Autor\/allikas: Norstat \/ \u00dchiskonnauuringute Instituut<\/p>\n<p>Koalitsioonierakondi toetab kokku 14,9 protsenti ning riigikogu opositsioonierakondi 74,7 protsenti vastajatest.\u00a0<\/p>\n<p>Viimased koondtulemused kajastavad k\u00fcsitlusperioodi 2. veebruarist kuni 1. m\u00e4rtsini. Norstat viis k\u00fcsitlused l\u00e4bi ajavahemikel 02.02-07.02, 09.02-15.02, 16.02-21.02 ja 23.02.01.03 ning nendele vastas kokku 4000 18-aastast ja vanemat Eesti kodanikku.<\/p>\n<p>Valimi v\u00f5imalikult esindusliku jagunemise eesm\u00e4rgil teostati k\u00fcsitlused kombineeritud meetodil \u2013 telefonik\u00fcsitluses ning veebik\u00fcsitluses, kus telefonik\u00fcsitlusele vastanud moodustavad valdava enamuse. Valimi andmed on tulemuste esinduslikkuse tagamiseks kaalutud vastavaks valimis\u00f5iguslike kodanike proportsionaalsele jaotusele peamiste sotsiaaldemograafiliste tunnuste alusel.<\/p>\n<p>Uuringu maksimaalne veam\u00e4\u00e4r s\u00f5ltub suurima grupi proportsiooni suurusest. Antud k\u00fcsitluses oli suurimaks grupiks Isamaa toetajad, mille puhul veam\u00e4\u00e4r pn +\/-1,63 protsenti. Teiste erakondade reitingute puhul on veam\u00e4\u00e4r v\u00e4iksem, n\u00e4iteks Eesti 200 puhul +\/-0,51 protsenti.<\/p>\n","protected":false},"excerpt":{"rendered":"Viimased neli n\u00e4dalat languses olnud Reformierakonna toetus kukkus Sotsiaaldemokraatlikust Erakonnast (SDE) ja Eesti Konservatiivsest Rahvaerakonnast (EKRE) tahapoole ning&hellip;\n","protected":false},"author":2,"featured_media":120610,"comment_status":"","ping_status":"","sticky":false,"template":"","format":"standard","meta":{"footnotes":"","_share_on_mastodon":"0"},"categories":[5],"tags":[26,27,37,33,35,334,34,36,31,32,21,28,29,19,1832,9338,55988,25,23,24,22,20,30],"class_list":["post-120609","post","type-post","status-publish","format-standard","has-post-thumbnail","category-uldised-uudised","tag-breaking-news","tag-breakingnews","tag-ee","tag-eesti","tag-eesti-keel","tag-erakondade-reitingud","tag-estonia","tag-estonian","tag-featured-news","tag-featurednews","tag-headlines","tag-latest-news","tag-latestnews","tag-news","tag-norstat","tag-parteide-populaarsus","tag-parteide-toetus","tag-populaarseimad-lood","tag-top-stories","tag-topstories","tag-uldised-uudised","tag-uudised","tag-viimased-uudised"],"share_on_mastodon":{"url":"https:\/\/pubeurope.com\/@ee\/116169163588361736","error":""},"_links":{"self":[{"href":"https:\/\/www.europesays.com\/ee\/wp-json\/wp\/v2\/posts\/120609","targetHints":{"allow":["GET"]}}],"collection":[{"href":"https:\/\/www.europesays.com\/ee\/wp-json\/wp\/v2\/posts"}],"about":[{"href":"https:\/\/www.europesays.com\/ee\/wp-json\/wp\/v2\/types\/post"}],"author":[{"embeddable":true,"href":"https:\/\/www.europesays.com\/ee\/wp-json\/wp\/v2\/users\/2"}],"replies":[{"embeddable":true,"href":"https:\/\/www.europesays.com\/ee\/wp-json\/wp\/v2\/comments?post=120609"}],"version-history":[{"count":0,"href":"https:\/\/www.europesays.com\/ee\/wp-json\/wp\/v2\/posts\/120609\/revisions"}],"wp:featuredmedia":[{"embeddable":true,"href":"https:\/\/www.europesays.com\/ee\/wp-json\/wp\/v2\/media\/120610"}],"wp:attachment":[{"href":"https:\/\/www.europesays.com\/ee\/wp-json\/wp\/v2\/media?parent=120609"}],"wp:term":[{"taxonomy":"category","embeddable":true,"href":"https:\/\/www.europesays.com\/ee\/wp-json\/wp\/v2\/categories?post=120609"},{"taxonomy":"post_tag","embeddable":true,"href":"https:\/\/www.europesays.com\/ee\/wp-json\/wp\/v2\/tags?post=120609"}],"curies":[{"name":"wp","href":"https:\/\/api.w.org\/{rel}","templated":true}]}}