{"id":12070,"date":"2025-10-05T13:34:20","date_gmt":"2025-10-05T13:34:20","guid":{"rendered":"https:\/\/www.europesays.com\/ee\/12070\/"},"modified":"2025-10-05T13:34:20","modified_gmt":"2025-10-05T13:34:20","slug":"kontrollmatsis-jagati-ule-300-trahviminuti-ja-13-eemaldamist","status":"publish","type":"post","link":"https:\/\/www.europesays.com\/ee\/12070\/","title":{"rendered":"kontrollmat\u0161is jagati \u00fcle 300 trahviminuti ja 13 eemaldamist"},"content":{"rendered":"<p>Eesti aja j\u00e4rgi l\u00e4inud \u00f6\u00f6l alistas valitsev meister Florida Panthers\u00a0kodus 7:0 Tampa Bay Lightingi. Tulemusest enam pakkus aga k\u00f5neainet platsil toimunud r\u00fcselused. Kahe v\u00f5istkonna peale jagati kokku \u00fcle 300 trahviminuti: v\u00f5itjatele 140, kaotajatele 172 jagu.<\/p>\n<p>Paar p\u00e4eva varem pidasid samad tiimid samuti\u00a0\u00abs\u00f5prusm\u00e4ngu\u00bb, kus karistusi kogunes 186 minutit.<\/p>\n","protected":false},"excerpt":{"rendered":"Eesti aja j\u00e4rgi l\u00e4inud \u00f6\u00f6l alistas valitsev meister Florida Panthers\u00a0kodus 7:0 Tampa Bay Lightingi. Tulemusest enam pakkus aga&hellip;\n","protected":false},"author":2,"featured_media":12071,"comment_status":"","ping_status":"","sticky":false,"template":"","format":"standard","meta":{"footnotes":"","_share_on_mastodon":"0"},"categories":[12],"tags":[8155,8153,26,27,37,33,35,34,36,31,32,4937,21,28,29,19,4936,25,8154,23,24,22,20,30],"class_list":["post-12070","post","type-post","status-publish","format-standard","has-post-thumbnail","category-eesti","tag-aaron-ekblad","tag-ahl","tag-breaking-news","tag-breakingnews","tag-ee","tag-eesti","tag-eesti-keel","tag-estonia","tag-estonian","tag-featured-news","tag-featurednews","tag-florida-panthers","tag-headlines","tag-latest-news","tag-latestnews","tag-news","tag-nhl","tag-populaarseimad-lood","tag-tampa-bay-lightning","tag-top-stories","tag-topstories","tag-uldised-uudised","tag-uudised","tag-viimased-uudised"],"share_on_mastodon":{"url":"","error":""},"_links":{"self":[{"href":"https:\/\/www.europesays.com\/ee\/wp-json\/wp\/v2\/posts\/12070","targetHints":{"allow":["GET"]}}],"collection":[{"href":"https:\/\/www.europesays.com\/ee\/wp-json\/wp\/v2\/posts"}],"about":[{"href":"https:\/\/www.europesays.com\/ee\/wp-json\/wp\/v2\/types\/post"}],"author":[{"embeddable":true,"href":"https:\/\/www.europesays.com\/ee\/wp-json\/wp\/v2\/users\/2"}],"replies":[{"embeddable":true,"href":"https:\/\/www.europesays.com\/ee\/wp-json\/wp\/v2\/comments?post=12070"}],"version-history":[{"count":0,"href":"https:\/\/www.europesays.com\/ee\/wp-json\/wp\/v2\/posts\/12070\/revisions"}],"wp:featuredmedia":[{"embeddable":true,"href":"https:\/\/www.europesays.com\/ee\/wp-json\/wp\/v2\/media\/12071"}],"wp:attachment":[{"href":"https:\/\/www.europesays.com\/ee\/wp-json\/wp\/v2\/media?parent=12070"}],"wp:term":[{"taxonomy":"category","embeddable":true,"href":"https:\/\/www.europesays.com\/ee\/wp-json\/wp\/v2\/categories?post=12070"},{"taxonomy":"post_tag","embeddable":true,"href":"https:\/\/www.europesays.com\/ee\/wp-json\/wp\/v2\/tags?post=12070"}],"curies":[{"name":"wp","href":"https:\/\/api.w.org\/{rel}","templated":true}]}}