{"id":120717,"date":"2026-03-04T08:34:06","date_gmt":"2026-03-04T08:34:06","guid":{"rendered":"https:\/\/www.europesays.com\/ee\/120717\/"},"modified":"2026-03-04T08:34:06","modified_gmt":"2026-03-04T08:34:06","slug":"iraani-uueks-korgeimaks-juhiks-valiti-teadete-kohaselt-eelmise-poeg-mojtaba-khamenei","status":"publish","type":"post","link":"https:\/\/www.europesays.com\/ee\/120717\/","title":{"rendered":"Iraani uueks k\u00f5rgeimaks juhiks valiti teadete kohaselt eelmise poeg Mojtaba Khamenei"},"content":{"rendered":"<p>Esimest korda p\u00e4rast 1979. aasta revolutsiooni l\u00e4ks seega v\u00f5im islamivabariigis \u00fcle isalt pojale.<\/p>\n<p>55-aastast Mojtaba Khameneid on ammu peetud Iraani valitsemiss\u00fcsteemis k\u00f5ige m\u00f5jukamamate isikute hulka kuuluvaks, vaatamata sellele, et ta on harva avalikkuse ees olnud ega ole pidanud ametlikku poliitilist ametit.<\/p>\n<p>Aastaid on Mojtaba tegutsenud k\u00f5rgeima juhi kantseleis oma isa juurde ligip\u00e4\u00e4su valvaja ja vahendajana. Tihti on Mojtabat v\u00f5rreldud islamivabariigi rajaja Ruhollah Homeini poja Ahmad Homeiniga.<\/p>\n<p>Anal\u00fc\u00fctikute s\u00f5nul on Mojtaba j\u00e4rkj\u00e4rgult oma m\u00f5ju re\u017eiimi poliitilistes, julgeoleku- ja vaimulikes institutsioonides tugevdanud.<\/p>\n<p>\u201eMojtaba Khamenei, endise k\u00f5rgeima juhi Ali Khamenei poeg, on tegutsenud <a rel=\"noopener nofollow\" target=\"_blank\" href=\"https:\/\/www.delfi.ee\/teema\/35419585\/teheran\" tag-id=\"35419585\">Teheranis<\/a> ammu kaadri taga, loonud s\u00fcgavad sidemed revolutsioonilise kaardiv\u00e4ega ja konsolideerinud m\u00f5ju re\u017eiimi v\u00f5imustruktuuri sees. Teda peetakse laialdaselt re\u017eiimi repressioonide \u00fcheks arhitektiks,\u201c \u00fctles Iran Internationalile <a rel=\"noopener nofollow\" target=\"_blank\" href=\"https:\/\/www.delfi.ee\/teema\/30604059\/lahis-ida\" tag-id=\"30604059\">L\u00e4his-Ida<\/a> Poliitilise ja Informatsiooniv\u00f5rgustiku direktor, dr Eric Mandel.<\/p>\n<p>Mojtaba m\u00f5ju peamine allikas on tema l\u00e4hedased sidemed revolutsioonilise kaardiv\u00e4ega.<\/p>\n<p>1980. aastatel Iraani-Iraagi s\u00f5ja ajal teenis Mojtaba Habibi pataljonis, mis koosnes suuresti esile kerkivate revolutsiooniliste v\u00f5rgustikega seotud vabatahtlikest. Pataljon teenis revolutsioonilise kaardiv\u00e4e alluvuses ja osales mitmes suures lahingus.<\/p>\n<p>Paljud Mojtaba relvavennad t\u00f5usid hiljem Iraani julgeoleku- ja luureaparaadis k\u00f5rgetele kohtadele.<\/p>\n<p>Opositsioonitegelased ja poliitilised rivaalid on s\u00fc\u00fcdistanud Mojtabat valimistulemuste kujundamises ja teisitim\u00f5tlejate mahasurumise koordineerimises.<\/p>\n<p>Iraani p\u00f5hiseadus n\u00f5uab, et k\u00f5rgeim juht tunneks s\u00fcgavalt islami\u00f5igust ja teda tunnustataks k\u00f5rge usulise autoriteedina.<\/p>\n<p>Mojtabat ei peeta aga laialdaselt Iraani k\u00f5rgemate vaimulike hulka kuuluvaks. Ta on \u00f5ppinud Qomi seminarides mitme tuntud konservatiivse \u00f5petlase k\u00e4e all, aga tal ei ole ajatolla staatust ja ta ei ole mujtahid (mida v\u00f5iks nimetas islamijuristiks).<\/p>\n<p>Samuti puudub Mojtabal administratiivne kogemus, mida p\u00f5hiseadus n\u00f5uab.<\/p>\n<p>Kuidas see lugu Sind end tundma pani? Saada <a href=\"https:\/\/www.delfi.ee\/artikkel\/120440070\/iraani-uueks-korgeimaks-juhiks-valiti-teadete-kohaselt-eelmise-poeg-mojtaba-khamenei\/kommentaarid\" class=\"article-body-bottom__comment article-body-bottom__comment--write button button--primary button--size-auto\" rel=\"nofollow noopener\" target=\"_blank\"> Kommenteeri <\/a><a href=\"https:\/\/www.delfi.ee\/artikkel\/120440070\/iraani-uueks-korgeimaks-juhiks-valiti-teadete-kohaselt-eelmise-poeg-mojtaba-khamenei\/kommentaarid\" class=\"article-body-bottom__comment article-body-bottom__comment--read button button--size-auto\" rel=\"nofollow noopener\" target=\"_blank\"> Loe kommentaare (13)<\/a><\/p>\n","protected":false},"excerpt":{"rendered":"Esimest korda p\u00e4rast 1979. aasta revolutsiooni l\u00e4ks seega v\u00f5im islamivabariigis \u00fcle isalt pojale. 55-aastast Mojtaba Khameneid on ammu&hellip;\n","protected":false},"author":2,"featured_media":120718,"comment_status":"","ping_status":"","sticky":false,"template":"","format":"standard","meta":{"footnotes":"","_share_on_mastodon":"0"},"categories":[5],"tags":[37105,26,27,37,33,35,34,36,31,32,21,619,4882,1925,4376,55505,28,29,19,25,5272,23,24,22,325,20,30],"class_list":["post-120717","post","type-post","status-publish","format-standard","has-post-thumbnail","category-uldised-uudised","tag-ali-khamenei","tag-breaking-news","tag-breakingnews","tag-ee","tag-eesti","tag-eesti-keel","tag-estonia","tag-estonian","tag-featured-news","tag-featurednews","tag-headlines","tag-iisrael","tag-iraak","tag-iraan","tag-lahis-ida","tag-lahis-ida-soda","tag-latest-news","tag-latestnews","tag-news","tag-populaarseimad-lood","tag-teheran","tag-top-stories","tag-topstories","tag-uldised-uudised","tag-usa","tag-uudised","tag-viimased-uudised"],"share_on_mastodon":{"url":"https:\/\/pubeurope.com\/@ee\/116169989330409581","error":""},"_links":{"self":[{"href":"https:\/\/www.europesays.com\/ee\/wp-json\/wp\/v2\/posts\/120717","targetHints":{"allow":["GET"]}}],"collection":[{"href":"https:\/\/www.europesays.com\/ee\/wp-json\/wp\/v2\/posts"}],"about":[{"href":"https:\/\/www.europesays.com\/ee\/wp-json\/wp\/v2\/types\/post"}],"author":[{"embeddable":true,"href":"https:\/\/www.europesays.com\/ee\/wp-json\/wp\/v2\/users\/2"}],"replies":[{"embeddable":true,"href":"https:\/\/www.europesays.com\/ee\/wp-json\/wp\/v2\/comments?post=120717"}],"version-history":[{"count":0,"href":"https:\/\/www.europesays.com\/ee\/wp-json\/wp\/v2\/posts\/120717\/revisions"}],"wp:featuredmedia":[{"embeddable":true,"href":"https:\/\/www.europesays.com\/ee\/wp-json\/wp\/v2\/media\/120718"}],"wp:attachment":[{"href":"https:\/\/www.europesays.com\/ee\/wp-json\/wp\/v2\/media?parent=120717"}],"wp:term":[{"taxonomy":"category","embeddable":true,"href":"https:\/\/www.europesays.com\/ee\/wp-json\/wp\/v2\/categories?post=120717"},{"taxonomy":"post_tag","embeddable":true,"href":"https:\/\/www.europesays.com\/ee\/wp-json\/wp\/v2\/tags?post=120717"}],"curies":[{"name":"wp","href":"https:\/\/api.w.org\/{rel}","templated":true}]}}