{"id":120720,"date":"2026-03-04T08:41:12","date_gmt":"2026-03-04T08:41:12","guid":{"rendered":"https:\/\/www.europesays.com\/ee\/120720\/"},"modified":"2026-03-04T08:41:12","modified_gmt":"2026-03-04T08:41:12","slug":"interi-vaid-007-xg-peal-hoidnud-fabregas-see-oli-taktikaline-malemang-soccernet-ee","status":"publish","type":"post","link":"https:\/\/www.europesays.com\/ee\/120720\/","title":{"rendered":"Interi vaid 0,07 xG peal hoidnud Fabregas: see oli taktikaline malem\u00e4ng &#8211; Soccernet.ee"},"content":{"rendered":"<p><img decoding=\"async\" src=\"https:\/\/www.europesays.com\/ee\/wp-content\/uploads\/2026\/03\/1772611616.jpg\" alt=\"Cesc Fabregas ja Cristian Chivu. Foto: Scanpix \/ Jonathan Moscrop \/ CSM via ZUMA Press Wire\"\/>&#13;\n<\/p>\n<p>Itaalia karikav\u00f5istluste poolfinaali avam\u00e4ng Como ja Interi vahel j\u00e4i 0:0 viiki. Como peatreener Cesc Fabregas r\u00e4\u00e4kis p\u00e4rast kohtumist, et tema meeskond v\u00e4\u00e4ris v\u00f5itu.<\/p>\n<p>Serie A-s asuvad Inter ja Como vastavalt esimesel ja viiendal kohal. Seejuures liigub Inter kindlalt meistritiitli suunas, sest edu l\u00e4hima j\u00e4litaja AC Milani ees on k\u00fcmme punkti. Karikav\u00f5istluste poolfinaali avam\u00e4ngus j\u00e4i Inter aga ootamatult kahvatuks, sest tegi vaid kolm pealel\u00f6\u00f6ki ja nende xG oli Flashscore&#8217;i andmetel 0,07. Comol olid paremad v\u00f5imalused ja nende xG oli viie pealel\u00f6\u00f6gi juures 1,02.&#13;\n<\/p>\n<p>&#8220;Ma arvan, et v\u00e4\u00e4risime v\u00e4ravat. Olime sellele l\u00e4hedal. Meil oli kaks v\u00f5i kolm v\u00e4ga head v\u00f5imalust. See oli taktikaline malem\u00e4ng, kus m\u00e4ngisime Serie A-s domineeriva meeskonna vastu m\u00e4ngu, mida tahtsime m\u00e4ngida,&#8221; lausus Fabregas Sport Mediasetile. &#8220;Inter on Itaalia jalgpalli domineerinud viimased viis aastat, aga neil oli ainult \u00fcks l\u00f6\u00f6k v\u00e4ravale. Natuke kibe maitse j\u00e4\u00e4b suhu, sest tunneme, et v\u00e4\u00e4risime v\u00e4hemalt 1:0 v\u00f5itu.&#8221;&#13;\n<\/p>\n<p>Interi peatreener Cristian Chivu andis m\u00f5ista, et tegi koosseisus ja m\u00e4nguplaanis palju muudatusi, sest n\u00e4dalavahetusel ootab Serie A-s ees oluline derbim\u00e4ng Milaniga.\u00a0&#8220;Arvestades seda, et meil polnud selleks m\u00e4nguks palju aega valmustuda, said m\u00e4ngijad kiiresti oma \u00fclesannetest aru ja andsid endast parima. Teadsime, et Como valdab rohkem palli, sest nad on selles nii head. Nad suutsid meid positsioonidelt v\u00e4lja meelitada ja vaba ruumi r\u00fcnnata,&#8221; s\u00f5nas Chivu.<\/p>\n<p>Interi ja Como korduskohtumine toimub 21. v\u00f5i 22. aprillil Milanos. Teises poolfinaalis kohtuvad Lazio ja Atalanta, avam\u00e4ng on kavas t\u00e4na \u00f5htul Roomas.&#13;<\/p>\n","protected":false},"excerpt":{"rendered":"&#13; Itaalia karikav\u00f5istluste poolfinaali avam\u00e4ng Como ja Interi vahel j\u00e4i 0:0 viiki. Como peatreener Cesc Fabregas r\u00e4\u00e4kis p\u00e4rast&hellip;\n","protected":false},"author":2,"featured_media":120721,"comment_status":"","ping_status":"","sticky":false,"template":"","format":"standard","meta":{"footnotes":"","_share_on_mastodon":"0"},"categories":[18],"tags":[43793,43784,1817,56033,37,33,35,34,36,5154,1820,109,29073,1811,159,158],"class_list":["post-120720","post","type-post","status-publish","format-standard","has-post-thumbnail","category-sport","tag-cesc-fabregas","tag-chivu","tag-como","tag-cristian-chivu","tag-ee","tag-eesti","tag-eesti-keel","tag-estonia","tag-estonian","tag-fabregas","tag-inter","tag-itaalia","tag-itaalia-karikas","tag-milano-inter","tag-sport","tag-sports"],"share_on_mastodon":{"url":"https:\/\/pubeurope.com\/@ee\/116170016976656889","error":""},"_links":{"self":[{"href":"https:\/\/www.europesays.com\/ee\/wp-json\/wp\/v2\/posts\/120720","targetHints":{"allow":["GET"]}}],"collection":[{"href":"https:\/\/www.europesays.com\/ee\/wp-json\/wp\/v2\/posts"}],"about":[{"href":"https:\/\/www.europesays.com\/ee\/wp-json\/wp\/v2\/types\/post"}],"author":[{"embeddable":true,"href":"https:\/\/www.europesays.com\/ee\/wp-json\/wp\/v2\/users\/2"}],"replies":[{"embeddable":true,"href":"https:\/\/www.europesays.com\/ee\/wp-json\/wp\/v2\/comments?post=120720"}],"version-history":[{"count":0,"href":"https:\/\/www.europesays.com\/ee\/wp-json\/wp\/v2\/posts\/120720\/revisions"}],"wp:featuredmedia":[{"embeddable":true,"href":"https:\/\/www.europesays.com\/ee\/wp-json\/wp\/v2\/media\/120721"}],"wp:attachment":[{"href":"https:\/\/www.europesays.com\/ee\/wp-json\/wp\/v2\/media?parent=120720"}],"wp:term":[{"taxonomy":"category","embeddable":true,"href":"https:\/\/www.europesays.com\/ee\/wp-json\/wp\/v2\/categories?post=120720"},{"taxonomy":"post_tag","embeddable":true,"href":"https:\/\/www.europesays.com\/ee\/wp-json\/wp\/v2\/tags?post=120720"}],"curies":[{"name":"wp","href":"https:\/\/api.w.org\/{rel}","templated":true}]}}