{"id":120775,"date":"2026-03-04T09:51:09","date_gmt":"2026-03-04T09:51:09","guid":{"rendered":"https:\/\/www.europesays.com\/ee\/120775\/"},"modified":"2026-03-04T09:51:09","modified_gmt":"2026-03-04T09:51:09","slug":"omavalitsuste-41-talimangud-voitis-viljandi-vald","status":"publish","type":"post","link":"https:\/\/www.europesays.com\/ee\/120775\/","title":{"rendered":"Omavalitsuste 41. talim\u00e4ngud v\u00f5itis Viljandi vald"},"content":{"rendered":"<p>M\u00f6\u00f6dunud n\u00e4dalavahetusel Virumaal peetud\u00a0Coop Eesti omavalitsuste 41. talim\u00e4ngudel osutus Eesti sportlikemaks omavalitsuseks 53 tubli sportlasega esindatud Viljandi vald. Linnade arvestuses tuli Viljandi teisele kohale.<\/p>\n<p>Talim\u00e4ngudel osales \u00fcle 1200 sportlase. V\u00f5istlusele andsid oma kodukohta esindades hoogu hiljuti Itaaliast taliol\u00fcmpiam\u00e4ngudelt naasnud Keidy ja Kaidy Kaasiku ning Teesi Tuul.<\/p>\n","protected":false},"excerpt":{"rendered":"M\u00f6\u00f6dunud n\u00e4dalavahetusel Virumaal peetud\u00a0Coop Eesti omavalitsuste 41. talim\u00e4ngudel osutus Eesti sportlikemaks omavalitsuseks 53 tubli sportlasega esindatud Viljandi vald.&hellip;\n","protected":false},"author":2,"featured_media":120776,"comment_status":"","ping_status":"","sticky":false,"template":"","format":"standard","meta":{"footnotes":"","_share_on_mastodon":"0"},"categories":[5],"tags":[26,27,37,33,35,34,36,31,32,21,28,29,1778,19,3885,25,159,46821,23,24,22,20,30,1776,1775],"class_list":["post-120775","post","type-post","status-publish","format-standard","has-post-thumbnail","category-uldised-uudised","tag-breaking-news","tag-breakingnews","tag-ee","tag-eesti","tag-eesti-keel","tag-estonia","tag-estonian","tag-featured-news","tag-featurednews","tag-headlines","tag-latest-news","tag-latestnews","tag-mulgi-vald","tag-news","tag-pohja-sakala-vald","tag-populaarseimad-lood","tag-sport","tag-talimangud","tag-top-stories","tag-topstories","tag-uldised-uudised","tag-uudised","tag-viimased-uudised","tag-viljandi-linn","tag-viljandi-vald"],"share_on_mastodon":{"url":"https:\/\/pubeurope.com\/@ee\/116170292125783413","error":""},"_links":{"self":[{"href":"https:\/\/www.europesays.com\/ee\/wp-json\/wp\/v2\/posts\/120775","targetHints":{"allow":["GET"]}}],"collection":[{"href":"https:\/\/www.europesays.com\/ee\/wp-json\/wp\/v2\/posts"}],"about":[{"href":"https:\/\/www.europesays.com\/ee\/wp-json\/wp\/v2\/types\/post"}],"author":[{"embeddable":true,"href":"https:\/\/www.europesays.com\/ee\/wp-json\/wp\/v2\/users\/2"}],"replies":[{"embeddable":true,"href":"https:\/\/www.europesays.com\/ee\/wp-json\/wp\/v2\/comments?post=120775"}],"version-history":[{"count":0,"href":"https:\/\/www.europesays.com\/ee\/wp-json\/wp\/v2\/posts\/120775\/revisions"}],"wp:featuredmedia":[{"embeddable":true,"href":"https:\/\/www.europesays.com\/ee\/wp-json\/wp\/v2\/media\/120776"}],"wp:attachment":[{"href":"https:\/\/www.europesays.com\/ee\/wp-json\/wp\/v2\/media?parent=120775"}],"wp:term":[{"taxonomy":"category","embeddable":true,"href":"https:\/\/www.europesays.com\/ee\/wp-json\/wp\/v2\/categories?post=120775"},{"taxonomy":"post_tag","embeddable":true,"href":"https:\/\/www.europesays.com\/ee\/wp-json\/wp\/v2\/tags?post=120775"}],"curies":[{"name":"wp","href":"https:\/\/api.w.org\/{rel}","templated":true}]}}