{"id":120805,"date":"2026-03-04T10:45:13","date_gmt":"2026-03-04T10:45:13","guid":{"rendered":"https:\/\/www.europesays.com\/ee\/120805\/"},"modified":"2026-03-04T10:45:13","modified_gmt":"2026-03-04T10:45:13","slug":"piret-viirpalu-%e2%9f%a9-eesti-tulevik-soltub-viimastest-suurtest-polvkondadest","status":"publish","type":"post","link":"https:\/\/www.europesays.com\/ee\/120805\/","title":{"rendered":"PIRET VIIRPALU \u27e9 Eesti tulevik s\u00f5ltub viimastest suurtest p\u00f5lvkondadest"},"content":{"rendered":"<p>Ajal, kus eesootav t\u00f6\u00f6j\u00f5ukriis n\u00f5uab kiireid strateegilisi otsuseid, on Eesti haridusdebatt takerdunud. J\u00e4rgmistel aastatel j\u00f5uavad k\u00f5rghariduss\u00fcsteemi viimased suuremad p\u00f5lvkonnad, kirjutab Rakendusk\u00f5rgkoolide Rektorite N\u00f5ukogu esimees ja K\u00f5rgema Kunstikooli Pallas rektor Piret Viirpalu.<\/p>\n<p class=\"MsoNormal\">Praegu on harukordne v\u00f5imalus k\u00f5rgharidus \u00fcmber kujundada, et ka tulevikus oleks tagatud nii majanduse konkurentsiv\u00f5ime kui \u00fchiskonna toimimine.<\/p>\n","protected":false},"excerpt":{"rendered":"Ajal, kus eesootav t\u00f6\u00f6j\u00f5ukriis n\u00f5uab kiireid strateegilisi otsuseid, on Eesti haridusdebatt takerdunud. J\u00e4rgmistel aastatel j\u00f5uavad k\u00f5rghariduss\u00fcsteemi viimased suuremad&hellip;\n","protected":false},"author":2,"featured_media":120806,"comment_status":"","ping_status":"","sticky":false,"template":"","format":"standard","meta":{"footnotes":"","_share_on_mastodon":"0"},"categories":[12],"tags":[26,27,56089,37,33,35,56088,56095,34,36,31,32,56092,21,56090,28,29,19,56093,25,17292,35957,56094,8877,56091,49918,23,24,22,20,30],"class_list":["post-120805","post","type-post","status-publish","format-standard","has-post-thumbnail","category-eesti","tag-breaking-news","tag-breakingnews","tag-demograafilised-muutused","tag-ee","tag-eesti","tag-eesti-keel","tag-eesti-korgharidus","tag-elutahtsad-valdkonnad","tag-estonia","tag-estonian","tag-featured-news","tag-featurednews","tag-haridusinvesteeringud","tag-headlines","tag-korgkooliealiste-noorte-arv","tag-latest-news","tag-latestnews","tag-news","tag-oppe-rahastamine","tag-populaarseimad-lood","tag-rakenduskorgharidus","tag-rakenduskorgkoolid","tag-tervishoiutootajad","tag-toojoukriis","tag-toojouvajaduse-prognoos","tag-tooturu-vajadused","tag-top-stories","tag-topstories","tag-uldised-uudised","tag-uudised","tag-viimased-uudised"],"share_on_mastodon":{"url":"","error":"Validation failed: Text character limit of 500 exceeded"},"_links":{"self":[{"href":"https:\/\/www.europesays.com\/ee\/wp-json\/wp\/v2\/posts\/120805","targetHints":{"allow":["GET"]}}],"collection":[{"href":"https:\/\/www.europesays.com\/ee\/wp-json\/wp\/v2\/posts"}],"about":[{"href":"https:\/\/www.europesays.com\/ee\/wp-json\/wp\/v2\/types\/post"}],"author":[{"embeddable":true,"href":"https:\/\/www.europesays.com\/ee\/wp-json\/wp\/v2\/users\/2"}],"replies":[{"embeddable":true,"href":"https:\/\/www.europesays.com\/ee\/wp-json\/wp\/v2\/comments?post=120805"}],"version-history":[{"count":0,"href":"https:\/\/www.europesays.com\/ee\/wp-json\/wp\/v2\/posts\/120805\/revisions"}],"wp:featuredmedia":[{"embeddable":true,"href":"https:\/\/www.europesays.com\/ee\/wp-json\/wp\/v2\/media\/120806"}],"wp:attachment":[{"href":"https:\/\/www.europesays.com\/ee\/wp-json\/wp\/v2\/media?parent=120805"}],"wp:term":[{"taxonomy":"category","embeddable":true,"href":"https:\/\/www.europesays.com\/ee\/wp-json\/wp\/v2\/categories?post=120805"},{"taxonomy":"post_tag","embeddable":true,"href":"https:\/\/www.europesays.com\/ee\/wp-json\/wp\/v2\/tags?post=120805"}],"curies":[{"name":"wp","href":"https:\/\/api.w.org\/{rel}","templated":true}]}}