{"id":121062,"date":"2026-03-04T16:49:13","date_gmt":"2026-03-04T16:49:13","guid":{"rendered":"https:\/\/www.europesays.com\/ee\/121062\/"},"modified":"2026-03-04T16:49:13","modified_gmt":"2026-03-04T16:49:13","slug":"sais3-pidurdamine-pani-koolid-kiirkorras-varuplaani-otsima","status":"publish","type":"post","link":"https:\/\/www.europesays.com\/ee\/121062\/","title":{"rendered":"SAIS3 pidurdamine pani koolid kiirkorras varuplaani otsima"},"content":{"rendered":"<ul class=\"wp-block-list\">\n<li>Sisseastumise infos\u00fcsteemi SAIS3 kasutuselev\u00f5tu edasil\u00fckkamine t\u00e4hendab koolidele ja omavalitsustele vajadust vastuv\u00f5tt kiiresti \u00fcmber korraldada ajal, mil teha on niigi palju: tuleb kohandada vastuv\u00f5tt varasemate kanalitega ja uuendada infot. Osa s\u00fcgisest saadik tehtud ettevalmistust\u00f6\u00f6st on olnud aga asjatu.\u00a0<\/li>\n<\/ul>\n<p>Koolijuhid kirjeldavad, et segadus kandub edasi noortele ja peredele ning suurimaks riskiks peetakse andmete killustumist ja tervikpildi puudumist.<\/p>\n<p>Haridus- ja teadusministeeriumi (HTM) haridustehnoloogia valdkonna juhi Riin Saadj\u00e4rve s\u00f5nul n\u00e4itasid jaanuari l\u00f5pus tehtud SAIS3 tehniline anal\u00fc\u00fcs ja testimine, et s\u00fcsteemi kasutajamugavus ja t\u00f6\u00f6kindlus ei ole piisav, kasutamaks s\u00fcsteemi 2026. aastal t\u00e4ie kindlusega. \u201eSeet\u00f5ttu v\u00f5tsime vastu otsuse l\u00fckata SAIS3 kasutuselev\u00f5tt edasi ning p\u00f6\u00f6rduda sel kevadel tagasi eelmistel aastatel kasutatute juurde,\u201c selgitab ta.\u00a0<\/p>\n<p>P\u00f5lva g\u00fcmnaasiumi direktor Raul Kadastik \u00fctleb, et kool katsetas SAIS3 juba eelmisel aastal ning vastuv\u00f5tuprotsess oli s\u00fcsteemi j\u00e4rgi h\u00e4\u00e4lestatud. Suurima l\u00f6\u00f6gi sai tema s\u00f5nul aga hoopis usaldusv\u00e4\u00e4rsus: samal hommikul, kui tuli teade SAIS3 mittek\u00e4ivitumisest, tutvustas ta P\u00f5lvamaa p\u00f5hikoolil\u00f5petajatele infop\u00e4eval \u00fcle-eestilist sisseastumise ajakava ja kinnitas, et sama plaani j\u00e4rgi toimub vastuv\u00f5tt ka teistes koolides. \u201eSee ei l\u00e4inud k\u00fcll h\u00e4sti ega tekita usaldust,\u201c m\u00e4rgib ta.<\/p>\n<p>Noarootsi g\u00fcmnaasiumi direktor Laine Belovas kirjeldab, et SAIS3 edasil\u00fckkumine muudab p\u00f5hikoolil\u00f5petajad \u00e4revaks, ebakindlus kandideerimise korra kohta on p\u00fcsinud juba pikalt. Noarootsis arutati hoolekogus 30. jaanuaril \u00e4sja valmis saadud SAIS3 arvestavat vastuv\u00f5tukorda, kolm p\u00e4eva hiljem selgus aga, et SAIS3 ei k\u00e4ivitu ning v\u00e4ljat\u00f6\u00f6tatud kord enam ei sobi.<\/p>\n<p>Voore p\u00f5hikooli direktor Paula Luks tajub, et nii vanemad kui ka koolipere on HTM-i korraldustest h\u00e4iritud. \u201eOlen alustava koolijuhina pidanud meeletult enda ja oma alluvate ressursi raiskama, et pidada j\u00e4rge HTM-i muudatustega,\u201c r\u00f5hutab ta.<\/p>\n<p>Miina H\u00e4rma g\u00fcmnaasiumi direktor Ene Tannberg \u00fctleb, et Tartu \u00fchiskatsete korraldamise ajakava SAIS3 \u00e4raj\u00e4\u00e4mine oluliselt ei m\u00f5juta: registreerimine nihkub kuu v\u00f5rra, kuid muud kuup\u00e4evad j\u00e4\u00e4vad \u00fcldjoontes paika ning Tartus on kokku lepitud, et varem s\u00f5nastatud vastuv\u00f5tutingimusi ei muudeta.\u00a0<\/p>\n<p>Tannbergi s\u00f5nul m\u00f5jutab muutunud olukord koolide t\u00f6\u00f6d rohkem: \u00fcle tuleb vaadata vastuv\u00f5tutingimused ning muuta infokoosolekute ja lahtiste uste p\u00e4evade toimumise aega. \u201eKuigi m\u00e4rke, et uus platvorm ei pruugi valmis saada, oli juba varem, ei arvestatud ministeeriumis koolijuhtide arvamusega,\u201c nendib ta. \u201eKuni veebruari alguseni.\u201c<\/p>\n<p>Tallinna Mustam\u00e4e riigig\u00fcmnaasiumi direktori Raino Libliku s\u00f5nul oli kooli vastuv\u00f5tukord veebruari alguse seisuga kinnitatud. Kooli kollektiiv oli vastuv\u00f5tuga juba mitu kuud tegutsenud. \u201eP\u00e4rast uudist, et SAIS3 siiski kasutama ei hakata, oli tarvis uuendada infot kooli kanalites ning asuda muutma nii vastuv\u00f5tukorda kui ka sisseastumise tehnilist korraldust. Aga ka arutada koolipidaja ja teiste riigikoolidega v\u00f5imalikke lahendusi. Sisseastumise infotunni kuup\u00e4ev j\u00e4i meie koolis samaks, kuid seal r\u00e4\u00e4gitavat tuli t\u00e4iendada,\u201c kirjeldab ta.<\/p>\n","protected":false},"excerpt":{"rendered":"Sisseastumise infos\u00fcsteemi SAIS3 kasutuselev\u00f5tu edasil\u00fckkamine t\u00e4hendab koolidele ja omavalitsustele vajadust vastuv\u00f5tt kiiresti \u00fcmber korraldada ajal, mil teha on&hellip;\n","protected":false},"author":2,"featured_media":121063,"comment_status":"","ping_status":"","sticky":false,"template":"","format":"standard","meta":{"footnotes":"","_share_on_mastodon":"0"},"categories":[80],"tags":[26,27,37,33,35,34,36,31,32,21,28,29,95,19,25,42760,23,24,22,20,30,92,93,94],"class_list":["post-121062","post","type-post","status-publish","format-standard","has-post-thumbnail","category-maailm","tag-breaking-news","tag-breakingnews","tag-ee","tag-eesti","tag-eesti-keel","tag-estonia","tag-estonian","tag-featured-news","tag-featurednews","tag-headlines","tag-latest-news","tag-latestnews","tag-maailm","tag-news","tag-populaarseimad-lood","tag-sais3","tag-top-stories","tag-topstories","tag-uldised-uudised","tag-uudised","tag-viimased-uudised","tag-world","tag-world-news","tag-worldnews"],"share_on_mastodon":{"url":"https:\/\/pubeurope.com\/@ee\/116171935901917551","error":""},"_links":{"self":[{"href":"https:\/\/www.europesays.com\/ee\/wp-json\/wp\/v2\/posts\/121062","targetHints":{"allow":["GET"]}}],"collection":[{"href":"https:\/\/www.europesays.com\/ee\/wp-json\/wp\/v2\/posts"}],"about":[{"href":"https:\/\/www.europesays.com\/ee\/wp-json\/wp\/v2\/types\/post"}],"author":[{"embeddable":true,"href":"https:\/\/www.europesays.com\/ee\/wp-json\/wp\/v2\/users\/2"}],"replies":[{"embeddable":true,"href":"https:\/\/www.europesays.com\/ee\/wp-json\/wp\/v2\/comments?post=121062"}],"version-history":[{"count":0,"href":"https:\/\/www.europesays.com\/ee\/wp-json\/wp\/v2\/posts\/121062\/revisions"}],"wp:featuredmedia":[{"embeddable":true,"href":"https:\/\/www.europesays.com\/ee\/wp-json\/wp\/v2\/media\/121063"}],"wp:attachment":[{"href":"https:\/\/www.europesays.com\/ee\/wp-json\/wp\/v2\/media?parent=121062"}],"wp:term":[{"taxonomy":"category","embeddable":true,"href":"https:\/\/www.europesays.com\/ee\/wp-json\/wp\/v2\/categories?post=121062"},{"taxonomy":"post_tag","embeddable":true,"href":"https:\/\/www.europesays.com\/ee\/wp-json\/wp\/v2\/tags?post=121062"}],"curies":[{"name":"wp","href":"https:\/\/api.w.org\/{rel}","templated":true}]}}