{"id":121130,"date":"2026-03-04T18:55:07","date_gmt":"2026-03-04T18:55:07","guid":{"rendered":"https:\/\/www.europesays.com\/ee\/121130\/"},"modified":"2026-03-04T18:55:07","modified_gmt":"2026-03-04T18:55:07","slug":"teder-ja-gustavson-said-juunioride-mm-il-11-koha-kahevoistlus","status":"publish","type":"post","link":"https:\/\/www.europesays.com\/ee\/121130\/","title":{"rendered":"Teder ja Gustavson said juunioride MM-il 11. koha | Kahev\u00f5istlus"},"content":{"rendered":"<p>Eesti kahev\u00f5istlejad Ruubert Teder ja Fred Gustavson teenisid Lillehammeris toimuvatel juunioride maailmameistriv\u00f5istluste paarisv\u00f5istuses 11. koha.<\/p>\n<p>Teder h\u00fcppas 84,5 meetrit ja teenis 105,0 punkti. Gustavson sai kirja 85 meetrit ja 92,6 punkti. See andis kokku 197,6 punkti ja h\u00fcppevooru j\u00e4rel k\u00fcmnenda positsiooni. Starditi 1.20 p\u00e4rast sakslasi.<\/p>\n<p>Murdmaarajal, kus m\u00f5lemal v\u00f5istlejal tuli l\u00e4bida 7,5 kilomeetrit, pidi Eesti laskma m\u00f6\u00f6da Soome duo ja see t\u00e4hendas 11. kohta. V\u00f5itnud Saksamaa paarile Jonathan Gr\u00e4bert &#8211; Felix Brieden kaotati kahe minuti ja 28,2 sekundiga.<\/p>\n<p>Kolmap\u00e4eval olid kavas ka murdmaasuusatamise 10+10 km suusavahetusega s\u00f5idud juunioridele, kus Eesti v\u00f5istlejad k\u00f5rgeid kohti ei saavutanud. Meestest oli Stefan Kivil 43., Oskar Lehto 51., Juss Leiner 57. ja Igor Snitsarenko 84. Ainsa naisena startinud Herta Rajas l\u00f5petas 46. kohal.<\/p>\n<p>Meestest moodustasid esikolmiku Emil August Longva (Norra), Marco Pinzani (Itaalia) ja Anton Kemppi (Soome), naistest p\u00e4\u00e4sesid pjedestaalile Julie Sand-Hanssen (Norra), Luisa Dahlke (Saksamaa) ja Heidi Bucher (Austria).<\/p>\n","protected":false},"excerpt":{"rendered":"Eesti kahev\u00f5istlejad Ruubert Teder ja Fred Gustavson teenisid Lillehammeris toimuvatel juunioride maailmameistriv\u00f5istluste paarisv\u00f5istuses 11. koha. Teder h\u00fcppas 84,5&hellip;\n","protected":false},"author":2,"featured_media":121131,"comment_status":"","ping_status":"","sticky":false,"template":"","format":"standard","meta":{"footnotes":"","_share_on_mastodon":"0"},"categories":[18],"tags":[37,33,35,34,36,32986,35234,159,158],"class_list":["post-121130","post","type-post","status-publish","format-standard","has-post-thumbnail","category-sport","tag-ee","tag-eesti","tag-eesti-keel","tag-estonia","tag-estonian","tag-fred-gustavson","tag-ruubert-teder","tag-sport","tag-sports"],"share_on_mastodon":{"url":"https:\/\/pubeurope.com\/@ee\/116172431291377662","error":""},"_links":{"self":[{"href":"https:\/\/www.europesays.com\/ee\/wp-json\/wp\/v2\/posts\/121130","targetHints":{"allow":["GET"]}}],"collection":[{"href":"https:\/\/www.europesays.com\/ee\/wp-json\/wp\/v2\/posts"}],"about":[{"href":"https:\/\/www.europesays.com\/ee\/wp-json\/wp\/v2\/types\/post"}],"author":[{"embeddable":true,"href":"https:\/\/www.europesays.com\/ee\/wp-json\/wp\/v2\/users\/2"}],"replies":[{"embeddable":true,"href":"https:\/\/www.europesays.com\/ee\/wp-json\/wp\/v2\/comments?post=121130"}],"version-history":[{"count":0,"href":"https:\/\/www.europesays.com\/ee\/wp-json\/wp\/v2\/posts\/121130\/revisions"}],"wp:featuredmedia":[{"embeddable":true,"href":"https:\/\/www.europesays.com\/ee\/wp-json\/wp\/v2\/media\/121131"}],"wp:attachment":[{"href":"https:\/\/www.europesays.com\/ee\/wp-json\/wp\/v2\/media?parent=121130"}],"wp:term":[{"taxonomy":"category","embeddable":true,"href":"https:\/\/www.europesays.com\/ee\/wp-json\/wp\/v2\/categories?post=121130"},{"taxonomy":"post_tag","embeddable":true,"href":"https:\/\/www.europesays.com\/ee\/wp-json\/wp\/v2\/tags?post=121130"}],"curies":[{"name":"wp","href":"https:\/\/api.w.org\/{rel}","templated":true}]}}