{"id":121291,"date":"2026-03-04T22:57:08","date_gmt":"2026-03-04T22:57:08","guid":{"rendered":"https:\/\/www.europesays.com\/ee\/121291\/"},"modified":"2026-03-04T22:57:08","modified_gmt":"2026-03-04T22:57:08","slug":"atletico-ootab-sociedad-alistas-teistkordses-baskimaa-derbis-bilbao-ja-purjetas-finaali-soccernet-ee","status":"publish","type":"post","link":"https:\/\/www.europesays.com\/ee\/121291\/","title":{"rendered":"Atletico ootab! Sociedad alistas teistkordses Baskimaa derbis Bilbao ja purjetas finaali &#8211; Soccernet.ee"},"content":{"rendered":"<p><img decoding=\"async\" src=\"https:\/\/www.europesays.com\/ee\/wp-content\/uploads\/2026\/03\/1772662550.jpg\" alt=\"Real Sociedad kohtub Hispaania karikav\u00f5istluste finaalis Atletico Madridiga. Foto: Scanpix \/ Ander Gillenea \/ AFP\"\/>&#13;\n<\/p>\n<p>Real Sociedad kindlustas koha Hispaania karikav\u00f5istluste finaalis Atletico Madridi vastu, alistades Baskimaa derbis Athletic Bilbao koondskooriga 2:0.\u00a0<\/p>\n<p>Bilbao oleks kohtumist alustanud ideaalselt, ent Alex Berengueri peal\u00f6\u00f6k l\u00e4ks kohtumise teisel minutil v\u00e4ravast napilt m\u00f6\u00f6da. Teises v\u00e4ljaku otsas sundis aga Sociedadi m\u00e4ngumees Carlos Soler vastaste kindamehe suurep\u00e4raselt sekkuma. Suhteliselt v\u00f5imalustevaese avapoolaja j\u00e4rel l\u00e4ksid meeskonnad poolajapausile v\u00e4ravateta viigiseisus.\u00a0&#13;\n<\/p>\n<p>Poolajapausi eel hoidis pea kaht kolmandikku pallivaldamist enda k\u00e4es kodumeeskond Sociedad, ent teisele kolmveerandtunnile tuli Bilbao vastu m\u00e4rksa elavnenumalt. Inaki Williams oli v\u00e4ravale v\u00e4ga l\u00e4hedal, ent tema \u00fcrituse suutis Sociedadi \u00e4\u00e4rekaitsja Sergio Gomez siiski blokeerida.\u00a0&#13;\n<\/p>\n<p>Gomez s\u00e4ras taas. Bilbao m\u00e4ngumees suutis v\u00e4lja m\u00e4ngida lubava olukorra, ent Gomez sai \u00f5igel hetkel jala vahele ning nurjas olukorra. Otsustav hetk s\u00fcndis aga kolm minutit enne normaalaja l\u00f5ppu, kui 11 meetri karistusl\u00f6\u00f6gi realiseeris Mikel Oyarzabal. Kui Sociedad peaks finaalis Atletico alistama, oleks see nende jaoks viies triumf Hispaania karikav\u00f5istlustel.<\/p>\n<p>Real Sociedad &#8211; Athletic Bilbao 1:0 (0:0)<br \/>&#13;<br \/>\n87. pen. Mikel Oyarzabal                         <\/p>\n","protected":false},"excerpt":{"rendered":"&#13; Real Sociedad kindlustas koha Hispaania karikav\u00f5istluste finaalis Atletico Madridi vastu, alistades Baskimaa derbis Athletic Bilbao koondskooriga 2:0.\u00a0&hellip;\n","protected":false},"author":2,"featured_media":121292,"comment_status":"","ping_status":"","sticky":false,"template":"","format":"standard","meta":{"footnotes":"","_share_on_mastodon":"0"},"categories":[18],"tags":[3072,14909,28814,37,33,35,34,36,110,56270,5591,8297,159,158],"class_list":["post-121291","post","type-post","status-publish","format-standard","has-post-thumbnail","category-sport","tag-athletic-bilbao","tag-bilbao","tag-copa-del-rey","tag-ee","tag-eesti","tag-eesti-keel","tag-estonia","tag-estonian","tag-hispaania","tag-hispaania-karikavoistliu","tag-real-sociedad","tag-sociedad","tag-sport","tag-sports"],"share_on_mastodon":{"url":"https:\/\/pubeurope.com\/@ee\/116173382805222588","error":""},"_links":{"self":[{"href":"https:\/\/www.europesays.com\/ee\/wp-json\/wp\/v2\/posts\/121291","targetHints":{"allow":["GET"]}}],"collection":[{"href":"https:\/\/www.europesays.com\/ee\/wp-json\/wp\/v2\/posts"}],"about":[{"href":"https:\/\/www.europesays.com\/ee\/wp-json\/wp\/v2\/types\/post"}],"author":[{"embeddable":true,"href":"https:\/\/www.europesays.com\/ee\/wp-json\/wp\/v2\/users\/2"}],"replies":[{"embeddable":true,"href":"https:\/\/www.europesays.com\/ee\/wp-json\/wp\/v2\/comments?post=121291"}],"version-history":[{"count":0,"href":"https:\/\/www.europesays.com\/ee\/wp-json\/wp\/v2\/posts\/121291\/revisions"}],"wp:featuredmedia":[{"embeddable":true,"href":"https:\/\/www.europesays.com\/ee\/wp-json\/wp\/v2\/media\/121292"}],"wp:attachment":[{"href":"https:\/\/www.europesays.com\/ee\/wp-json\/wp\/v2\/media?parent=121291"}],"wp:term":[{"taxonomy":"category","embeddable":true,"href":"https:\/\/www.europesays.com\/ee\/wp-json\/wp\/v2\/categories?post=121291"},{"taxonomy":"post_tag","embeddable":true,"href":"https:\/\/www.europesays.com\/ee\/wp-json\/wp\/v2\/tags?post=121291"}],"curies":[{"name":"wp","href":"https:\/\/api.w.org\/{rel}","templated":true}]}}