{"id":121351,"date":"2026-03-05T03:13:23","date_gmt":"2026-03-05T03:13:23","guid":{"rendered":"https:\/\/www.europesays.com\/ee\/121351\/"},"modified":"2026-03-05T03:13:23","modified_gmt":"2026-03-05T03:13:23","slug":"hoiatus-ohtu-ja-ootunnid-muudavad-mitmel-pool-teed-libedaks-virumaa-teataja","status":"publish","type":"post","link":"https:\/\/www.europesays.com\/ee\/121351\/","title":{"rendered":"Hoiatus: \u00f5htu- ja \u00f6\u00f6tunnid muudavad mitmel pool teed libedaks &#8211; Virumaa Teataja"},"content":{"rendered":"<ol>\n<li><a href=\"https:\/\/news.google.com\/rss\/articles\/CBMipgFBVV95cUxNa29HdTlzeXM1QVAtS2ZVZ1h6b2Y2b2JFOFdUbjkyOGRxZTljOGs0NTNCY1dLOURfSmlxT0k4S2pNLWhaZlhlMGhvTXJ5Qnp2a2UtMGsyT0preWUzZjF5cWxUSFpQbW1qcS0yNGN0X2JCMlhhSVNTQWpJSmQ1V0l1ZjRlWEZ5V25LRnZLN1pVbFJ1R1NLMkFDZU9rUGlXbkhjeHBjeHJB?oc=5\" target=\"_blank\" rel=\"nofollow noopener\">Hoiatus: \u00f5htu- ja \u00f6\u00f6tunnid muudavad mitmel pool teed libedaks<\/a>&nbsp;&nbsp;Virumaa Teataja<\/li>\n<li><a href=\"https:\/\/news.google.com\/rss\/articles\/CBMiwgFBVV95cUxNN05ma3RrTW8xYXlxU0tSbG5fRmpOZkl5YjY0Q1c5UERkWmRJTWRLV0txbE4wMTNUa29YSEdKWk1zNUJVMWZzdkkyVTFBa085NHJnOWgwRC0ycTAzSms0WVpYV0Q3ckthbk5DalBSTE16ZUo5Yll0NjhPenJUM0l2NFE5MzB6blZraU4tZU54TW9WZ3k3cVBTRjQ0c3pnSUVQNHBGWlg3Rm5tVTJROVlFZEowOEt3Y05ROS1IbVRGaWZzQQ?oc=5\" target=\"_blank\" rel=\"nofollow noopener\">J\u00e4\u00e4vihm t\u00e4itis EMOd vigastatutega: \u201eTipptundidel juhtub libedusega seotud \u00f5nnetusi sagedamini.\u201c<\/a>&nbsp;&nbsp;\u00d5htuleht<\/li>\n<li><a href=\"https:\/\/news.google.com\/rss\/articles\/CBMilgFBVV95cUxQRUpORXBTVzF0VUpMdTRFUjBWd0ZmWXo1Sl9KNzdyWExCb2NxdDYxelU5NWkxV2p2cG9SZzVwY04tdTNXN1Q2TVFOaGRSSTNFZmljUWhoRHNnMEtRV0w0VXRVdEg5TnpESTZDT1pfdjNHTWpkSXNvandodUoxTEQxakNOSG81cGFGd2s0VVZsYjNxckE4MVE?oc=5\" target=\"_blank\" rel=\"nofollow noopener\">J\u00e4\u00e4vihm p\u00f5hjustas t\u00f5siseid probleeme Tallinna trammiliikluses<\/a>&nbsp;&nbsp;ERR<\/li>\n<li><a href=\"https:\/\/news.google.com\/rss\/articles\/CBMiqgFBVV95cUxQMnVVYlJzc0g3bmIwQTVNYm82ZUFNdVhYM2tDYzdUVG0yRUVTbU9QeldVM3pFYkpNeTBsUThhUHBUeVdtU2p3R3FOQXNkVlRTRGRTMXpBUFpnMHhVaDBUenNLdW0zYWZYaWhENjVTWnkzWG9ENjZZWEJxaUFsYmpCSmNvWjlKZWQzTFBpZFBtMlBfMklXTklyNWVhaGRqMi04VVI0bC1lQ2lMUQ?oc=5\" target=\"_blank\" rel=\"nofollow noopener\">VIDEO \u27e9 Kohtla-J\u00e4rve ja J\u00f5hvi vahelisel maanteel m\u00f6llab tugev tuisk<\/a>&nbsp;&nbsp;P\u00f5hjarannik<\/li>\n<li><a href=\"https:\/\/news.google.com\/rss\/articles\/CBMihAFBVV95cUxQMUxUc2sxLUVYOGNMa2owV2ZCdURHSmk1TnRlNXhTa3pnU3dQMm5mbHl3NWlYNFh3OFdqQ2hEWm04NWlyWVUzSXlmLU9SOF80bDFwbFNhQ2NlazZteHh1SDd4dHdDc1ZjM2VrcXhOYXhiX29uNXBYcDVyM1dORjUtWDRhUmo?oc=5\" target=\"_blank\" rel=\"nofollow noopener\">Eestile on antud tuisu, tugeva tuule ja j\u00e4ite hoiatus<\/a>&nbsp;&nbsp;L\u00f5unaeestlane<\/li>\n<\/ol>\n","protected":false},"excerpt":{"rendered":"Hoiatus: \u00f5htu- ja \u00f6\u00f6tunnid muudavad mitmel pool teed libedaks&nbsp;&nbsp;Virumaa Teataja J\u00e4\u00e4vihm t\u00e4itis EMOd vigastatutega: \u201eTipptundidel juhtub libedusega seotud&hellip;\n","protected":false},"author":2,"featured_media":121352,"comment_status":"","ping_status":"","sticky":false,"template":"","format":"standard","meta":{"footnotes":"","_share_on_mastodon":"0"},"categories":[12],"tags":[26,27,37,33,35,34,36,31,32,21,28,29,21280,19,21473,25,37721,23,24,2086,22,20,30],"class_list":["post-121351","post","type-post","status-publish","format-standard","has-post-thumbnail","category-eesti","tag-breaking-news","tag-breakingnews","tag-ee","tag-eesti","tag-eesti-keel","tag-estonia","tag-estonian","tag-featured-news","tag-featurednews","tag-headlines","tag-latest-news","tag-latestnews","tag-must-jaa","tag-news","tag-ohutemperatuur","tag-populaarseimad-lood","tag-teekatte","tag-top-stories","tag-topstories","tag-transpordiamet","tag-uldised-uudised","tag-uudised","tag-viimased-uudised"],"share_on_mastodon":{"url":"https:\/\/pubeurope.com\/@ee\/116174389433520074","error":""},"_links":{"self":[{"href":"https:\/\/www.europesays.com\/ee\/wp-json\/wp\/v2\/posts\/121351","targetHints":{"allow":["GET"]}}],"collection":[{"href":"https:\/\/www.europesays.com\/ee\/wp-json\/wp\/v2\/posts"}],"about":[{"href":"https:\/\/www.europesays.com\/ee\/wp-json\/wp\/v2\/types\/post"}],"author":[{"embeddable":true,"href":"https:\/\/www.europesays.com\/ee\/wp-json\/wp\/v2\/users\/2"}],"replies":[{"embeddable":true,"href":"https:\/\/www.europesays.com\/ee\/wp-json\/wp\/v2\/comments?post=121351"}],"version-history":[{"count":0,"href":"https:\/\/www.europesays.com\/ee\/wp-json\/wp\/v2\/posts\/121351\/revisions"}],"wp:featuredmedia":[{"embeddable":true,"href":"https:\/\/www.europesays.com\/ee\/wp-json\/wp\/v2\/media\/121352"}],"wp:attachment":[{"href":"https:\/\/www.europesays.com\/ee\/wp-json\/wp\/v2\/media?parent=121351"}],"wp:term":[{"taxonomy":"category","embeddable":true,"href":"https:\/\/www.europesays.com\/ee\/wp-json\/wp\/v2\/categories?post=121351"},{"taxonomy":"post_tag","embeddable":true,"href":"https:\/\/www.europesays.com\/ee\/wp-json\/wp\/v2\/tags?post=121351"}],"curies":[{"name":"wp","href":"https:\/\/api.w.org\/{rel}","templated":true}]}}