{"id":121541,"date":"2026-03-05T08:52:06","date_gmt":"2026-03-05T08:52:06","guid":{"rendered":"https:\/\/www.europesays.com\/ee\/121541\/"},"modified":"2026-03-05T08:52:06","modified_gmt":"2026-03-05T08:52:06","slug":"hoiatus-eesti-panga-presidendi-nime-kuritarvitav-petuskeem-puuab-kiiret-rikastumist-pakkudes-ohvreid","status":"publish","type":"post","link":"https:\/\/www.europesays.com\/ee\/121541\/","title":{"rendered":"Hoiatus: Eesti Panga presidendi nime kuritarvitav petuskeem p\u00fc\u00fcab \u201ekiiret rikastumist\u201c pakkudes ohvreid"},"content":{"rendered":"<p><img decoding=\"async\" src=\"https:\/\/www.europesays.com\/ee\/wp-content\/uploads\/2026\/03\/7cc5fed9-6c60-46e4-bb3f-e8837a6bdf60.jpg\" loading=\"lazy\" alt=\"Ei, see pole Madis M\u00fclleri konto, vaid t\u00e4iesti tavaline libakonto, mis soovib investeerimisn\u00f5u pakkudes raha varastada.\"\/><\/p>\n<p>Ei, see pole Madis M\u00fclleri konto, vaid t\u00e4iesti tavaline libakonto, mis soovib investeerimisn\u00f5u pakkudes raha varastada.<\/p>\n<p>FOTO: Kuvat\u00f5mmis| Erakogu<\/p>\n<p>\u201eOlen 53-aastane ja Apple\u2019ist pensionil. \u00dctlen seda ainult \u00fcks kord. Kiireim viis 3 000 000 dollari s\u00e4\u00e4stmiseks 2026. aastaks: Osta enne 3. m\u00e4rtsi Praegune hind: 3,94 dollarit Eesm\u00e4rk: 157,92 dollarit See ettev\u00f5te ehitab j\u00e4rgmise p\u00f5lvkonna tehisintellekti pooljuhtide riistvara, mis on seotud NVIDIA ja AMD \u00f6kos\u00fcsteemidega.\u201c<\/p>\n","protected":false},"excerpt":{"rendered":"Ei, see pole Madis M\u00fclleri konto, vaid t\u00e4iesti tavaline libakonto, mis soovib investeerimisn\u00f5u pakkudes raha varastada. FOTO: Kuvat\u00f5mmis|&hellip;\n","protected":false},"author":2,"featured_media":121542,"comment_status":"","ping_status":"","sticky":false,"template":"","format":"standard","meta":{"footnotes":"","_share_on_mastodon":"0"},"categories":[14],"tags":[131,130,37,33,35,34,36,780,8671],"class_list":["post-121541","post","type-post","status-publish","format-standard","has-post-thumbnail","category-ari","tag-ari","tag-business","tag-ee","tag-eesti","tag-eesti-keel","tag-estonia","tag-estonian","tag-investeerimine","tag-kuberpettus"],"share_on_mastodon":{"url":"https:\/\/pubeurope.com\/@ee\/116175722941476286","error":""},"_links":{"self":[{"href":"https:\/\/www.europesays.com\/ee\/wp-json\/wp\/v2\/posts\/121541","targetHints":{"allow":["GET"]}}],"collection":[{"href":"https:\/\/www.europesays.com\/ee\/wp-json\/wp\/v2\/posts"}],"about":[{"href":"https:\/\/www.europesays.com\/ee\/wp-json\/wp\/v2\/types\/post"}],"author":[{"embeddable":true,"href":"https:\/\/www.europesays.com\/ee\/wp-json\/wp\/v2\/users\/2"}],"replies":[{"embeddable":true,"href":"https:\/\/www.europesays.com\/ee\/wp-json\/wp\/v2\/comments?post=121541"}],"version-history":[{"count":0,"href":"https:\/\/www.europesays.com\/ee\/wp-json\/wp\/v2\/posts\/121541\/revisions"}],"wp:featuredmedia":[{"embeddable":true,"href":"https:\/\/www.europesays.com\/ee\/wp-json\/wp\/v2\/media\/121542"}],"wp:attachment":[{"href":"https:\/\/www.europesays.com\/ee\/wp-json\/wp\/v2\/media?parent=121541"}],"wp:term":[{"taxonomy":"category","embeddable":true,"href":"https:\/\/www.europesays.com\/ee\/wp-json\/wp\/v2\/categories?post=121541"},{"taxonomy":"post_tag","embeddable":true,"href":"https:\/\/www.europesays.com\/ee\/wp-json\/wp\/v2\/tags?post=121541"}],"curies":[{"name":"wp","href":"https:\/\/api.w.org\/{rel}","templated":true}]}}