{"id":121543,"date":"2026-03-05T08:53:06","date_gmt":"2026-03-05T08:53:06","guid":{"rendered":"https:\/\/www.europesays.com\/ee\/121543\/"},"modified":"2026-03-05T08:53:06","modified_gmt":"2026-03-05T08:53:06","slug":"reuters-ukrainat-ahvardab-iraani-soja-tottu-patrioti-rakettideta-jaamine","status":"publish","type":"post","link":"https:\/\/www.europesays.com\/ee\/121543\/","title":{"rendered":"Reuters: Ukrainat \u00e4hvardab Iraani s\u00f5ja t\u00f5ttu Patrioti rakettideta j\u00e4\u00e4mine"},"content":{"rendered":"<p>P\u00e4rast seda, kui USA ja <a rel=\"noopener nofollow\" target=\"_blank\" href=\"https:\/\/www.delfi.ee\/teema\/23674619\/iisrael\" tag-id=\"23674619\">Iisrael<\/a> alustasid laup\u00e4eval Iraani r\u00fcndamist, on Iraan P\u00e4rsia lahe riikide pihta v\u00e4lja lasknud sadu ballistilisi rakette ja droone. Enamik on t\u00f5kestatud muu hulgas p\u00fc\u00fcdurrakettidega PAC-3 Patriot, millest s\u00f5ltub oma energeetika- ja s\u00f5jalise taristu kaitsmisel ka Ukraina.<\/p>\n<p>Umbes 600 PAC-3-st, mis USA kaitset\u00f6\u00f6stusettev\u00f5te <a rel=\"noopener nofollow\" target=\"_blank\" href=\"https:\/\/www.delfi.ee\/teema\/31522235\/lockheed-martin\" tag-id=\"31522235\">Lockheed Martin<\/a> aastas toodab, ei piisa ka USA enda ja P\u00e4rsia lahe liitlaste vajadusteks, r\u00e4\u00e4kimata Ukrainast, \u00fctles Reutersile <a rel=\"noopener nofollow\" target=\"_blank\" href=\"https:\/\/www.delfi.ee\/teema\/29718775\/kiiev\" tag-id=\"29718775\">Kiievis<\/a> asuva Ukraina Julgeoleku- ja Koost\u00f6\u00f6keskuse juht Serhi Kuzan.<\/p>\n<p>\u201eSee on s\u00f5ja v\u00e4ga lihtne matemaatika,\u201c \u00fctles Kuzan, lisades, et alternatiivi pakkumiseks ei ole piisavalt kiiresti suurendatud <a rel=\"noopener nofollow\" target=\"_blank\" href=\"https:\/\/www.delfi.ee\/teema\/25705227\/prantsusmaa\" tag-id=\"25705227\">Prantsusmaa<\/a>&#8211;<a rel=\"noopener nofollow\" target=\"_blank\" href=\"https:\/\/www.delfi.ee\/teema\/23101235\/itaalia\" tag-id=\"23101235\">Itaalia<\/a> \u00f5hut\u00f5rjes\u00fcsteemi SAMP\/T tootmist.<\/p>\n<p><a rel=\"noopener nofollow\" target=\"_blank\" href=\"https:\/\/www.delfi.ee\/teema\/22933941\/oslo\" tag-id=\"22933941\">Oslo<\/a> \u00fclikooli teadur Fabian Hoffmann, kes spetsialiseerub rakettidele, \u00fctles, et Patriotide varumine P\u00e4rsia lahe riikide poolt t\u00e4hendab, et t\u00f5en\u00e4oliselt ei saa need p\u00e4ris otsa, eriti kui Iraani raketil\u00f6\u00f6gid n\u00e4ivad kahanevat, aga nende kasutamisel v\u00f5idakse valikulisemaks muutuda.<\/p>\n<p>Laiemat puudust v\u00f5idakse v\u00e4ltida, kui USA ja Iisrael on Iraani raketivarude ja stardiseadeldiste h\u00e4vitamisel kiiresti edukad, \u00fctles Ukraina riikliku strateegiliste uuringute instituudi esindaja M\u00f5kola Bjeljeskov.<\/p>\n<p>Suurem osa Patriotidest j\u00f5uab Ukrainasse <a rel=\"noopener nofollow\" target=\"_blank\" href=\"https:\/\/www.delfi.ee\/teema\/24581263\/nato\" tag-id=\"24581263\">NATO<\/a> algatuse PURL kaudu ehk <a rel=\"noopener nofollow\" target=\"_blank\" href=\"https:\/\/www.delfi.ee\/teema\/25138591\/euroopa\" tag-id=\"25138591\">Euroopa<\/a> riigid ostavad neid USA-lt Ukraina jaoks.<\/p>\n<p>P\u00e4rast eelmist kohtumist veebruari keskel on Ukraina liitlased v\u00f5tnud omale kohustuse saata Ukrainasse 37 raketti PAC-3, teatas informeeritud allikas Reutersile.<\/p>\n<p>Kardetakse, et kui Iraani s\u00f5da venib, muutuvad ka hanked PURL-i kaudu keerulisemaks, sest USA kulutab \u00e4ra oma varu, \u00fctles kaks Euroopa diplomaati.<\/p>\n<p>Kuigi Lockheed Martin suurendab jaanuaris teatavaks tehtud kokkuleppe alusel tootmist 2000 PAC-3-ni aastas, ei j\u00f5ua see puuduj\u00e4\u00e4ki sel aastal korvata.<\/p>\n<p>Hoffmann \u00fctles, et Ukraina peab v\u00e4lja arendama v\u00f5ime r\u00fcnnata <a rel=\"noopener nofollow\" target=\"_blank\" href=\"https:\/\/www.delfi.ee\/teema\/3\/venemaa\" tag-id=\"3\">Venemaa<\/a> raketitehaseid s\u00fcgaval Venemaal enda rakettidega.<\/p>\n<p>\u201eRaketikaitse on m\u00f5eldud olema ajutine meede, kuni suudetakse \u00f5\u00f5nestada vastase r\u00fcndev\u00f5imekusi,\u201c \u00fctles Hoffmann, kelle s\u00f5nul tuleb investeerida raketiv\u00f5imekusse, sest kaugmaadroonide kandev\u00f5ime on liiga v\u00e4ike olulise kahju tegemiseks.<\/p>\n<p>\u201eL\u00f5puks peab Ukraina investeerima r\u00fcndev\u00f5imekustesse,\u201c \u00fctles Hoffmann. \u201eSee on ainus tee.\u201c<\/p>\n<p>Kuidas see lugu Sind end tundma pani? Saada <a href=\"https:\/\/www.delfi.ee\/artikkel\/120440352\/reuters-ukrainat-ahvardab-iraani-soja-tottu-patrioti-rakettideta-jaamine\/kommentaarid\" class=\"article-body-bottom__comment article-body-bottom__comment--write button button--primary button--size-auto\" rel=\"nofollow noopener\" target=\"_blank\"> Kommenteeri <\/a><a href=\"https:\/\/www.delfi.ee\/artikkel\/120440352\/reuters-ukrainat-ahvardab-iraani-soja-tottu-patrioti-rakettideta-jaamine\/kommentaarid\" class=\"article-body-bottom__comment article-body-bottom__comment--read button button--size-auto\" rel=\"nofollow noopener\" target=\"_blank\"> Loe kommentaare (2)<\/a><\/p>\n","protected":false},"excerpt":{"rendered":"P\u00e4rast seda, kui USA ja Iisrael alustasid laup\u00e4eval Iraani r\u00fcndamist, on Iraan P\u00e4rsia lahe riikide pihta v\u00e4lja lasknud&hellip;\n","protected":false},"author":2,"featured_media":121544,"comment_status":"","ping_status":"","sticky":false,"template":"","format":"standard","meta":{"footnotes":"","_share_on_mastodon":"0"},"categories":[80],"tags":[26,27,37,33,35,34,36,112,31,32,21,619,1925,109,1208,55505,28,29,14470,95,54,19,2693,46526,25,52,107,23,24,262,22,325,20,96,30,92,93,94],"class_list":["post-121543","post","type-post","status-publish","format-standard","has-post-thumbnail","category-maailm","tag-breaking-news","tag-breakingnews","tag-ee","tag-eesti","tag-eesti-keel","tag-estonia","tag-estonian","tag-euroopa","tag-featured-news","tag-featurednews","tag-headlines","tag-iisrael","tag-iraan","tag-itaalia","tag-kiiev","tag-lahis-ida-soda","tag-latest-news","tag-latestnews","tag-lockheed-martin","tag-maailm","tag-nato","tag-news","tag-oslo","tag-parsia-laht","tag-populaarseimad-lood","tag-prantsusmaa","tag-soda-ukrainas","tag-top-stories","tag-topstories","tag-ukraina","tag-uldised-uudised","tag-usa","tag-uudised","tag-venemaa","tag-viimased-uudised","tag-world","tag-world-news","tag-worldnews"],"share_on_mastodon":{"url":"","error":"Validation failed: Text character limit of 500 exceeded"},"_links":{"self":[{"href":"https:\/\/www.europesays.com\/ee\/wp-json\/wp\/v2\/posts\/121543","targetHints":{"allow":["GET"]}}],"collection":[{"href":"https:\/\/www.europesays.com\/ee\/wp-json\/wp\/v2\/posts"}],"about":[{"href":"https:\/\/www.europesays.com\/ee\/wp-json\/wp\/v2\/types\/post"}],"author":[{"embeddable":true,"href":"https:\/\/www.europesays.com\/ee\/wp-json\/wp\/v2\/users\/2"}],"replies":[{"embeddable":true,"href":"https:\/\/www.europesays.com\/ee\/wp-json\/wp\/v2\/comments?post=121543"}],"version-history":[{"count":0,"href":"https:\/\/www.europesays.com\/ee\/wp-json\/wp\/v2\/posts\/121543\/revisions"}],"wp:featuredmedia":[{"embeddable":true,"href":"https:\/\/www.europesays.com\/ee\/wp-json\/wp\/v2\/media\/121544"}],"wp:attachment":[{"href":"https:\/\/www.europesays.com\/ee\/wp-json\/wp\/v2\/media?parent=121543"}],"wp:term":[{"taxonomy":"category","embeddable":true,"href":"https:\/\/www.europesays.com\/ee\/wp-json\/wp\/v2\/categories?post=121543"},{"taxonomy":"post_tag","embeddable":true,"href":"https:\/\/www.europesays.com\/ee\/wp-json\/wp\/v2\/tags?post=121543"}],"curies":[{"name":"wp","href":"https:\/\/api.w.org\/{rel}","templated":true}]}}