{"id":121550,"date":"2026-03-05T09:04:13","date_gmt":"2026-03-05T09:04:13","guid":{"rendered":"https:\/\/www.europesays.com\/ee\/121550\/"},"modified":"2026-03-05T09:04:13","modified_gmt":"2026-03-05T09:04:13","slug":"lahis-idas-on-loksus-kumneid-tuhandeid-turiste-valismaa","status":"publish","type":"post","link":"https:\/\/www.europesays.com\/ee\/121550\/","title":{"rendered":"L\u00e4his-Idas on l\u00f5ksus k\u00fcmneid tuhandeid turiste | V\u00e4lismaa"},"content":{"rendered":"<p>Paljud riigid alustasid kolmap\u00e4eval erilende oma kodanike \u00e4ratoomiseks L\u00e4his-Idast. Kodumaale lendamiseks pakkusid v\u00f5imalusi ka Araabia riikide valitsused. Endiselt on L\u00e4his-Idas l\u00f5ksus aga k\u00fcmneid tuhandeid v\u00e4lisriikide kodanikke.<\/p>\n<p>Milano lennujaama on j\u00f5udnud esimesed 200 Abu Dhabist minema aidatud itaallast. Kodulinna j\u00f5udnutel on meel muidugi hea. Meeleh\u00e4rmi aga valmistab, et koju \u00f5nnestus naasta peamiselt Araabia \u00dchendemiraatide v\u00f5imude toel ning kodumaa, Itaalia v\u00f5imud justkui ei teinudki h\u00e4daliste toetamiseks midagi.<\/p>\n<p>&#8220;V\u00e4lisministeerium saatis meile s\u00f5numeid soovitustega minna omal k\u00e4el Omaani, suletud piiridest hoolimata ja j\u00f5uda Itaaliasse tagasi oma kuludega, kosmilise hinna eest,&#8221; lausus kodumaale j\u00f5udnud itaallane.<\/p>\n<p>Iisraelist esmalt maad m\u00f6\u00f6da Egiptusesse ja sealt lennukiga kodumaale naasnud horvaadid on oma koduriigi tegevusega aga v\u00e4ga rahul. Hoolimata sellest, et Iisrael on ise \u00fcks s\u00f5ja vahetutest osalistest ning ka Iraani r\u00fcnnakutes pihta saanud, ei olnud seal viibinud horvaatide s\u00f5nul s\u00f5jahirmu eriti tunda ning ainus mure oli katkenud \u00f5hutranspordi p\u00e4rast.<\/p>\n<p>&#8220;Ma elasin \u00fcle Horvaatia kodus\u00f5ja. Tollal oli Slavonski Brodis ikka palju hullem, kui praeguse s\u00f5ja ajal siin Jeruusalemmas,&#8221; s\u00f5nas Horvaatia turist Iisraelis Andreas Curic.<\/p>\n<p>Ka Omaanist kodumaale toimetatud hollandlaste s\u00f5nul v\u00e4ljendus s\u00f5da ainult katkenud lennuliikluses ning maa peal oli k\u00f5ik endiselt tavap\u00e4rane ja rahulik.<\/p>\n<p>&#8220;Omaanis oli \u00fcsna vaikne muidugi, kuid on tore olla j\u00e4lle oma pere keskel. Oma pere n\u00e4gemine on ikka tore,&#8221; lausus kodumaale j\u00f5udnud hollandlane.<\/p>\n<p>Ehkki erilendudega on koju toimetatud juba sadu inimesi, on endiselt rohkem neid eurooplasi, kes on sunnitud esialgu L\u00e4his-Idas edasi viibima. Ainu\u00fcksi Kataris ootab kojup\u00e4\u00e4su 8000 v\u00e4lismaalast.<\/p>\n","protected":false},"excerpt":{"rendered":"Paljud riigid alustasid kolmap\u00e4eval erilende oma kodanike \u00e4ratoomiseks L\u00e4his-Idast. Kodumaale lendamiseks pakkusid v\u00f5imalusi ka Araabia riikide valitsused. Endiselt&hellip;\n","protected":false},"author":2,"featured_media":121551,"comment_status":"","ping_status":"","sticky":false,"template":"","format":"standard","meta":{"footnotes":"","_share_on_mastodon":"0"},"categories":[80],"tags":[23759,13378,26,27,37,33,35,34,36,31,32,21,619,8703,28,29,95,19,17218,25,23,24,22,50919,20,30,92,93,94],"class_list":["post-121550","post","type-post","status-publish","format-standard","has-post-thumbnail","category-maailm","tag-abu-dhabi","tag-araabia-uhendemiraadid","tag-breaking-news","tag-breakingnews","tag-ee","tag-eesti","tag-eesti-keel","tag-estonia","tag-estonian","tag-featured-news","tag-featurednews","tag-headlines","tag-iisrael","tag-lahis-ida-konflikt","tag-latest-news","tag-latestnews","tag-maailm","tag-news","tag-omaan","tag-populaarseimad-lood","tag-top-stories","tag-topstories","tag-uldised-uudised","tag-usa-iraani-konflikt","tag-uudised","tag-viimased-uudised","tag-world","tag-world-news","tag-worldnews"],"share_on_mastodon":{"url":"https:\/\/pubeurope.com\/@ee\/116175769786718952","error":""},"_links":{"self":[{"href":"https:\/\/www.europesays.com\/ee\/wp-json\/wp\/v2\/posts\/121550","targetHints":{"allow":["GET"]}}],"collection":[{"href":"https:\/\/www.europesays.com\/ee\/wp-json\/wp\/v2\/posts"}],"about":[{"href":"https:\/\/www.europesays.com\/ee\/wp-json\/wp\/v2\/types\/post"}],"author":[{"embeddable":true,"href":"https:\/\/www.europesays.com\/ee\/wp-json\/wp\/v2\/users\/2"}],"replies":[{"embeddable":true,"href":"https:\/\/www.europesays.com\/ee\/wp-json\/wp\/v2\/comments?post=121550"}],"version-history":[{"count":0,"href":"https:\/\/www.europesays.com\/ee\/wp-json\/wp\/v2\/posts\/121550\/revisions"}],"wp:featuredmedia":[{"embeddable":true,"href":"https:\/\/www.europesays.com\/ee\/wp-json\/wp\/v2\/media\/121551"}],"wp:attachment":[{"href":"https:\/\/www.europesays.com\/ee\/wp-json\/wp\/v2\/media?parent=121550"}],"wp:term":[{"taxonomy":"category","embeddable":true,"href":"https:\/\/www.europesays.com\/ee\/wp-json\/wp\/v2\/categories?post=121550"},{"taxonomy":"post_tag","embeddable":true,"href":"https:\/\/www.europesays.com\/ee\/wp-json\/wp\/v2\/tags?post=121550"}],"curies":[{"name":"wp","href":"https:\/\/api.w.org\/{rel}","templated":true}]}}