{"id":121577,"date":"2026-03-05T09:39:13","date_gmt":"2026-03-05T09:39:13","guid":{"rendered":"https:\/\/www.europesays.com\/ee\/121577\/"},"modified":"2026-03-05T09:39:13","modified_gmt":"2026-03-05T09:39:13","slug":"plaani-jargi-hakkab-aastas-200-umbkeelset-kutsealust-voorima-integratsiooni-sihtasutusse-2","status":"publish","type":"post","link":"https:\/\/www.europesays.com\/ee\/121577\/","title":{"rendered":"Plaani j\u00e4rgi hakkab aastas 200 umbkeelset kutsealust voorima Integratsiooni sihtasutusse"},"content":{"rendered":"<p>P\u00e4ev p\u00e4rast vabariigi aastap\u00e4eva l\u00f5ppes riigikogus esimene lugemine seaduseeln\u00f5ul, mis paneb k\u00f5igile ajateenistusse asuvatele inimestele n\u00f5ude osata v\u00e4hemalt B1-tasemel eesti keelt. See t\u00e4hendab, et kui kutsealune ei tee \u00e4ra B1-taseme eksamit, tuleb tal \u00fcks aasta keelt \u00f5ppida. Seda teeb ta eeln\u00f5u j\u00e4rgi Integratsiooni sihtasutuses. Esimese korra eest maksab riik.<\/p>\n<p>Riigikogu t\u00f6\u00f6tas eeln\u00f5u v\u00e4lja riigikaitsekomisjonis. Sinna kaasas komisjon 2026. aasta jaanuaris ka Integratsiooni sihtasutuse. Selle juht Dmitri Moskovtsev lausus, et nende \u00fclesanne oli anda sisendit keele\u00f5ppe korralduse, v\u00f5imaluste ja v\u00f5imalike lahenduste praktilise elluviimise kohta.<\/p>\n<p>Oled juba tellija?Logi sisse<\/p>\n<p><a href=\"https:\/\/www.delfi.ee\/artikkel\/120440321\/plaani-jargi-hakkab-aastas-200-umbkeelset-kutsealust-voorima-integratsiooni-sihtasutusse\/kommentaarid\" class=\"article-body-bottom__comment article-body-bottom__comment--write button button--primary button--size-auto\" rel=\"nofollow noopener\" target=\"_blank\"> Kommenteeri <\/a><a href=\"https:\/\/www.delfi.ee\/artikkel\/120440321\/plaani-jargi-hakkab-aastas-200-umbkeelset-kutsealust-voorima-integratsiooni-sihtasutusse\/kommentaarid\" class=\"article-body-bottom__comment article-body-bottom__comment--read button button--size-auto\" rel=\"nofollow noopener\" target=\"_blank\"> Loe kommentaare (103)<\/a><\/p>\n","protected":false},"excerpt":{"rendered":"P\u00e4ev p\u00e4rast vabariigi aastap\u00e4eva l\u00f5ppes riigikogus esimene lugemine seaduseeln\u00f5ul, mis paneb k\u00f5igile ajateenistusse asuvatele inimestele n\u00f5ude osata v\u00e4hemalt&hellip;\n","protected":false},"author":2,"featured_media":121503,"comment_status":"","ping_status":"","sticky":false,"template":"","format":"standard","meta":{"footnotes":"","_share_on_mastodon":"0"},"categories":[5],"tags":[26,27,37,33,35,34,36,31,32,21,30025,13547,28,29,19,25,640,23,24,22,20,30],"class_list":["post-121577","post","type-post","status-publish","format-standard","has-post-thumbnail","category-uldised-uudised","tag-breaking-news","tag-breakingnews","tag-ee","tag-eesti","tag-eesti-keel","tag-estonia","tag-estonian","tag-featured-news","tag-featurednews","tag-headlines","tag-integratsioon","tag-keeleope","tag-latest-news","tag-latestnews","tag-news","tag-populaarseimad-lood","tag-riigikogu","tag-top-stories","tag-topstories","tag-uldised-uudised","tag-uudised","tag-viimased-uudised"],"share_on_mastodon":{"url":"https:\/\/pubeurope.com\/@ee\/116175907223137276","error":""},"_links":{"self":[{"href":"https:\/\/www.europesays.com\/ee\/wp-json\/wp\/v2\/posts\/121577","targetHints":{"allow":["GET"]}}],"collection":[{"href":"https:\/\/www.europesays.com\/ee\/wp-json\/wp\/v2\/posts"}],"about":[{"href":"https:\/\/www.europesays.com\/ee\/wp-json\/wp\/v2\/types\/post"}],"author":[{"embeddable":true,"href":"https:\/\/www.europesays.com\/ee\/wp-json\/wp\/v2\/users\/2"}],"replies":[{"embeddable":true,"href":"https:\/\/www.europesays.com\/ee\/wp-json\/wp\/v2\/comments?post=121577"}],"version-history":[{"count":0,"href":"https:\/\/www.europesays.com\/ee\/wp-json\/wp\/v2\/posts\/121577\/revisions"}],"wp:featuredmedia":[{"embeddable":true,"href":"https:\/\/www.europesays.com\/ee\/wp-json\/wp\/v2\/media\/121503"}],"wp:attachment":[{"href":"https:\/\/www.europesays.com\/ee\/wp-json\/wp\/v2\/media?parent=121577"}],"wp:term":[{"taxonomy":"category","embeddable":true,"href":"https:\/\/www.europesays.com\/ee\/wp-json\/wp\/v2\/categories?post=121577"},{"taxonomy":"post_tag","embeddable":true,"href":"https:\/\/www.europesays.com\/ee\/wp-json\/wp\/v2\/tags?post=121577"}],"curies":[{"name":"wp","href":"https:\/\/api.w.org\/{rel}","templated":true}]}}