{"id":121702,"date":"2026-03-05T12:58:09","date_gmt":"2026-03-05T12:58:09","guid":{"rendered":"https:\/\/www.europesays.com\/ee\/121702\/"},"modified":"2026-03-05T12:58:09","modified_gmt":"2026-03-05T12:58:09","slug":"leitud-politsei-otsib-tartus-kadunud-26-aastast-marekit","status":"publish","type":"post","link":"https:\/\/www.europesays.com\/ee\/121702\/","title":{"rendered":"LEITUD: Politsei otsib Tartus kadunud 26-aastast Marekit"},"content":{"rendered":"<p>T\u00e4iendus 5.03.2026 \u2013 Heameel on teatada, et Marek leiti Tartu kesklinna kaubanduskeskusest ja temaga on k\u00f5ik korras.<\/p>\n<p>Palume abi selgitamaks 26-aastase Mareki asukohta, keda n\u00e4hti viimati kolmap\u00e4eva p\u00e4rastl\u00f5unal Tartus Maarjam\u00f5isa linnaosas.<\/p>\n<p>Mees lahkus 4. m\u00e4rtsil kella 14 ajal Tartus Maarjam\u00f5isa linnaosas asuvast raviasutusest ja tema k\u00e4itumine v\u00f5ib olla ettearvamatu. Politseinikud on kontrollinud Mareki v\u00f5imalikke viibimiskohti, kuid seni pole \u00f5nnestunud meest leida.<\/p>\n<p>Marek on 185 cm pikk, tal on tumedad juuksed ja l\u00fchike habe. Seljas on tal jope ja jalas sinised mustrilised p\u00fcksid.<\/p>\n<p>Politsei palub k\u00f5igil, kes on Marekit n\u00e4inud v\u00f5i teavad tema asukohta, v\u00f5tta \u00fchendust h\u00e4irekeskusega numbril 112.<\/p>\n<p>\n\tRelated\n<\/p>\n<p>\t\tPost navigation<\/p>\n","protected":false},"excerpt":{"rendered":"T\u00e4iendus 5.03.2026 \u2013 Heameel on teatada, et Marek leiti Tartu kesklinna kaubanduskeskusest ja temaga on k\u00f5ik korras. Palume&hellip;\n","protected":false},"author":2,"featured_media":70708,"comment_status":"","ping_status":"","sticky":false,"template":"","format":"standard","meta":{"footnotes":"","_share_on_mastodon":"0"},"categories":[5],"tags":[26,27,37,33,35,34,36,31,32,21,1918,28,29,19,25,23,24,22,20,30],"class_list":["post-121702","post","type-post","status-publish","format-standard","has-post-thumbnail","category-uldised-uudised","tag-breaking-news","tag-breakingnews","tag-ee","tag-eesti","tag-eesti-keel","tag-estonia","tag-estonian","tag-featured-news","tag-featurednews","tag-headlines","tag-kadunud","tag-latest-news","tag-latestnews","tag-news","tag-populaarseimad-lood","tag-top-stories","tag-topstories","tag-uldised-uudised","tag-uudised","tag-viimased-uudised"],"share_on_mastodon":{"url":"https:\/\/pubeurope.com\/@ee\/116176689774483122","error":""},"_links":{"self":[{"href":"https:\/\/www.europesays.com\/ee\/wp-json\/wp\/v2\/posts\/121702","targetHints":{"allow":["GET"]}}],"collection":[{"href":"https:\/\/www.europesays.com\/ee\/wp-json\/wp\/v2\/posts"}],"about":[{"href":"https:\/\/www.europesays.com\/ee\/wp-json\/wp\/v2\/types\/post"}],"author":[{"embeddable":true,"href":"https:\/\/www.europesays.com\/ee\/wp-json\/wp\/v2\/users\/2"}],"replies":[{"embeddable":true,"href":"https:\/\/www.europesays.com\/ee\/wp-json\/wp\/v2\/comments?post=121702"}],"version-history":[{"count":0,"href":"https:\/\/www.europesays.com\/ee\/wp-json\/wp\/v2\/posts\/121702\/revisions"}],"wp:featuredmedia":[{"embeddable":true,"href":"https:\/\/www.europesays.com\/ee\/wp-json\/wp\/v2\/media\/70708"}],"wp:attachment":[{"href":"https:\/\/www.europesays.com\/ee\/wp-json\/wp\/v2\/media?parent=121702"}],"wp:term":[{"taxonomy":"category","embeddable":true,"href":"https:\/\/www.europesays.com\/ee\/wp-json\/wp\/v2\/categories?post=121702"},{"taxonomy":"post_tag","embeddable":true,"href":"https:\/\/www.europesays.com\/ee\/wp-json\/wp\/v2\/tags?post=121702"}],"curies":[{"name":"wp","href":"https:\/\/api.w.org\/{rel}","templated":true}]}}