{"id":121854,"date":"2026-03-05T16:39:22","date_gmt":"2026-03-05T16:39:22","guid":{"rendered":"https:\/\/www.europesays.com\/ee\/121854\/"},"modified":"2026-03-05T16:39:22","modified_gmt":"2026-03-05T16:39:22","slug":"kunstiskandaal-%e2%9f%a9-sodiv-venemaa-naaseb-2026-aastal-veneetsia-kunstibiennaalile-lisatud-eesti-seisukoht","status":"publish","type":"post","link":"https:\/\/www.europesays.com\/ee\/121854\/","title":{"rendered":"KUNSTISKANDAAL \u27e9 S\u00f5div Venemaa naaseb 2026. aastal Veneetsia kunstibiennaalile (lisatud Eesti seisukoht)"},"content":{"rendered":"<p class=\"MsoNormal\">Uudis Venemaa osalemisest Veneetsia Biennaalil 2026 tekitas kohe pahameelelaine \u2013 esialgu sotsiaalmeedias \u2013, kui biennaali korraldajad avaldasid t\u00e4na hommikul riiklike osalejate nimekirja. Ukrainlased on n\u00f6rdinud, et Venemaa F\u00f6deratsioon on suure rahvusvahelise kunstin\u00e4ituse ametliku osalisena taas teretulnud. N\u00e4ituse pealkiri (\u00abTaevasse juurdunud puu\u00bb) ja kunstnike nimekiri on juba teatavaks tehtud, kirjutab Itaalia kunstiv\u00e4ljaanne Finestre sull\u2019Arte.<\/p>\n","protected":false},"excerpt":{"rendered":"Uudis Venemaa osalemisest Veneetsia Biennaalil 2026 tekitas kohe pahameelelaine \u2013 esialgu sotsiaalmeedias \u2013, kui biennaali korraldajad avaldasid t\u00e4na&hellip;\n","protected":false},"author":2,"featured_media":121855,"comment_status":"","ping_status":"","sticky":false,"template":"","format":"standard","meta":{"footnotes":"","_share_on_mastodon":"0"},"categories":[12],"tags":[56466,26,27,37,33,35,34,36,31,32,21,190,28,29,56465,19,25,1263,397,23,24,3769,262,22,20,56464,96,30],"class_list":["post-121854","post","type-post","status-publish","format-standard","has-post-thumbnail","category-eesti","tag-anastassia-karnejeva","tag-breaking-news","tag-breakingnews","tag-ee","tag-eesti","tag-eesti-keel","tag-estonia","tag-estonian","tag-featured-news","tag-featurednews","tag-headlines","tag-kunst","tag-latest-news","tag-latestnews","tag-mihhail-svodkoi","tag-news","tag-populaarseimad-lood","tag-protest","tag-sotsiaalmeedia","tag-top-stories","tag-topstories","tag-tsensuur","tag-ukraina","tag-uldised-uudised","tag-uudised","tag-veneetsia-biennaal","tag-venemaa","tag-viimased-uudised"],"share_on_mastodon":{"url":"https:\/\/pubeurope.com\/@ee\/116177559010264741","error":""},"_links":{"self":[{"href":"https:\/\/www.europesays.com\/ee\/wp-json\/wp\/v2\/posts\/121854","targetHints":{"allow":["GET"]}}],"collection":[{"href":"https:\/\/www.europesays.com\/ee\/wp-json\/wp\/v2\/posts"}],"about":[{"href":"https:\/\/www.europesays.com\/ee\/wp-json\/wp\/v2\/types\/post"}],"author":[{"embeddable":true,"href":"https:\/\/www.europesays.com\/ee\/wp-json\/wp\/v2\/users\/2"}],"replies":[{"embeddable":true,"href":"https:\/\/www.europesays.com\/ee\/wp-json\/wp\/v2\/comments?post=121854"}],"version-history":[{"count":0,"href":"https:\/\/www.europesays.com\/ee\/wp-json\/wp\/v2\/posts\/121854\/revisions"}],"wp:featuredmedia":[{"embeddable":true,"href":"https:\/\/www.europesays.com\/ee\/wp-json\/wp\/v2\/media\/121855"}],"wp:attachment":[{"href":"https:\/\/www.europesays.com\/ee\/wp-json\/wp\/v2\/media?parent=121854"}],"wp:term":[{"taxonomy":"category","embeddable":true,"href":"https:\/\/www.europesays.com\/ee\/wp-json\/wp\/v2\/categories?post=121854"},{"taxonomy":"post_tag","embeddable":true,"href":"https:\/\/www.europesays.com\/ee\/wp-json\/wp\/v2\/tags?post=121854"}],"curies":[{"name":"wp","href":"https:\/\/api.w.org\/{rel}","templated":true}]}}