{"id":121898,"date":"2026-03-05T17:35:25","date_gmt":"2026-03-05T17:35:25","guid":{"rendered":"https:\/\/www.europesays.com\/ee\/121898\/"},"modified":"2026-03-05T17:35:25","modified_gmt":"2026-03-05T17:35:25","slug":"siim-kallas-reformierakonnast-voidumudelit-veel-ei-ole-eesti","status":"publish","type":"post","link":"https:\/\/www.europesays.com\/ee\/121898\/","title":{"rendered":"Siim Kallas Reformierakonnast: v\u00f5idumudelit veel ei ole | Eesti"},"content":{"rendered":"<p>Reformierakonna reiting on olnud viimased neli n\u00e4dalat languses, <a href=\"https:\/\/www.err.ee\/1609957235\/norstati-kusitluses-langes-reformierakond-viiendaks\" target=\"_blank\" rel=\"noopener nofollow\">Norstati k\u00fcsitluse j\u00e4rgi on Reformierakond langenud sotsiaaldemokraatidest ja EKRE-st tahapoole<\/a> ning on populaarsuselt viies. Reformierakonda toetas k\u00fcsitluse j\u00e4rgi 12,9 protsenti valimis\u00f5iguslikest kodanikest. Sama moodi oli Reformierakond populaarsuselt alles viies ka viimase Emori k\u00fcsitluse j\u00e4rgi.<\/p>\n<p>&#8220;Uudis+&#8221; k\u00fcsis Siim Kallaselt kommentaari praeguse olukorra kohta.<\/p>\n<p>Kas te olete sisimas juba rahu teinud selle m\u00f5ttega, et Reformierakonna kuldajad on m\u00f6\u00f6das ja v\u00f5ib-olla j\u00e4rgmistel valimistel v\u00f5itleb erakond pigem kolmanda, neljanda, viienda koha eest?<\/p>\n<p>No kui te nii k\u00fcsite, siis ma \u00fctlen: kindlasti mitte. Allaandmine on alati variant, aga v\u00e4hemalt minus seda praegu ei ole, seda varianti. Aga mis ma tahaks \u00f6elda reitingute kohta, on see, et tegelikult minu jaoks on k\u00fcsimus ikkagi hoopis mitte nendes reitingutes ja selles, kui mitu kohta saab Reformierakond tulevases riigikogus \u2013 on see siis 15 v\u00f5i 20 v\u00f5i kui palju. Sest k\u00f5ik see on poliittehnoloogia v\u00f5i tehnoloogia k\u00fcsimus.<\/p>\n<p>Tegelik k\u00fcsimus on ikkagi see, et missugune Eesti Vabariik j\u00e4tkab p\u00e4rast 2027. aasta valimisi. Ja see on minu jaoks peak\u00fcsimus. K\u00fcmme aastat peale Eesti Vabariigi taasiseseisvumist ehitasime \u00fcles \u00fchte Eesti Vabariiki, mis oli ja on ka siiamaani v\u00e4ga kodanikukeskne vabariik ja v\u00e4ga l\u00e4\u00e4nemeelne vabariik ja ka tasakaalus eelarvega vabariik ja v\u00e4heste toetustega vabariik.<\/p>\n<p>K\u00fcsimus on selles, missugune saab olema see Eesti Vabariik, mis j\u00e4tkab p\u00e4rast 2027. aastat ja see ei olene mitte ainult Reformierakonnast, vaid oleneb ka sellest koalitsioonist, kes siis valitsuse moodustab. Nii et see on minu arvates peak\u00fcsimus.<\/p>\n<p>Loomulikult, poliitikas otsustavad k\u00f5ike h\u00e4\u00e4led, see on selge ja kellele need h\u00e4\u00e4led tulevad, missuguse orientatsiooniga need h\u00e4\u00e4led on.<\/p>\n<p>Kui Euroopa Liit n\u00f5rgeneb, kui NATO n\u00f5rgeneb, siis missuguse tee Eesti valib \u2013 kas j\u00e4tkab l\u00e4\u00e4nemeelsena v\u00f5i Euroopa-meelsena v\u00f5i valib Ameerika-meelse tee?<\/p>\n<p>V\u00f5tame n\u00e4iteks [selle]: viimastel aastatel on mindud laenuv\u00f5tmise peale. Osaliselt on see muidugi \u00f5ige ja p\u00f5hjendatud, aga ikkagi \u2013 laenamisest elamine on ebakindlus, see tekitab igal juhul ebakindlust. Ja siin on terve rida asju, millest mina tahaksin, et vaataksime tulevikku, mis natuke meenutab seda, mis oli minevikus. Aga eks seda otsustavad t\u00f5esti valijad ja eks seda ole siis n\u00e4ha.<\/p>\n<p>Aga ma \u00fctlen veel kord, et vabariik ei ole poliittehnoloogia, vabariik on ikkagi \u00fchiskond. N\u00e4iteks kas me l\u00e4heme riigikesksemaks v\u00f5i ikkagi otsime veel teid, et suurendada kodanikukesksust. Siin on m\u00f5tlemise kohti.<\/p>\n<p>Aga ma arvan, et allaandmiseks on veel vara ja kindlasti on siin m\u00f5tlemise koht, mida teha ja kuidas teha, et saavutada tegelikult \u00fctleme\u2026 \u00a0\u00e4rme m\u00f5tle niiv\u00f5rd selle v\u00f5idu peale, vaid saavutada ikkagi niisugune tulemus, millega me saame m\u00f5jutada seda Eesti Vabariigi arengut, mida me oleme tegelikult oma asutamisest peale 1995. aastal teinud. See v\u00f5iks olla peaeesm\u00e4rk ja sellisel juhul peab meil olema v\u00e4ga selge, mida me tahame ja millist Eesti Vabariiki me l\u00e4heme 2027. aastal kaitsma.<\/p>\n<p>Aga kuidas teile tundub, kui Reformierakonna toetus on niiv\u00f5rd madal, siis kas see probleem on eesk\u00e4tt selles, et reformierakondlased ise siis ei tea, mida nad tahavad erakonnana v\u00f5i pigem on ikkagi Reformierakonna br\u00e4nd juba niiv\u00f5rd kahjustada saanud, et isegi kui Reformierakond sisemiselt on \u00fchtne ja enda jaoks k\u00f5ik l\u00e4bi m\u00f5tleb, siis seda lihtsalt ei anna m\u00fc\u00fca \u00fchiskonnale enam niiv\u00f5rd h\u00e4sti?<\/p>\n<p>No teil v\u00f5ib \u00f5igus olla, aga ei tahaks nagu loobuda, ausalt \u00f6eldes. Ma ei tahaks selle m\u00f5ttega leppida. Kuigi teil v\u00f5ib \u00f5igus olla.<\/p>\n<p>Aga siiski on variante, kuidas seda br\u00e4ndi uuesti \u00fcles t\u00f6\u00f6tada, selle \u00fcle saab m\u00f5elda. Vaadake sportlasi. Meil on olnud ju ka Eesti sportlasi, kes on olnud m\u00f5nda aega kaotsis ja k\u00f5rval ja ootamatult tulnud tagasi ja v\u00f5itnud medaleid. Nii et p\u00f5him\u00f5tteliselt lootust ei saa kaotada, aga t\u00f6\u00f6d tuleb teha.<\/p>\n<p>R\u00e4\u00e4kisite oktoobris Indrek Kiisleriga raadiouudistes ja \u00fctlesite, et aastavahetuseks, uueks aastaks peaks olema selge, mis Reformierakonnaga edasi hakkab toimuma. N\u00fc\u00fcd on uus aasta \u00e4ra olnud, on juba m\u00e4rtsikuu, kas teile on see n\u00fc\u00fcd selgemaks saanud, kuidas edasi minna?<\/p>\n<p>Mure on kasvanud, \u00fctleme nii. Igatahes v\u00f5idumudelit veel ei ole.<\/p>\n<p><img decoding=\"async\" data-photo-id=\"2882493\" src=\"https:\/\/www.europesays.com\/ee\/wp-content\/uploads\/2026\/03\/2882493h4549t24.jpg\"\/>Euroopa Komisjoni kunagine transpordivolinik Siim Kallas esinemas RB mobiilsuskonverentsil. Autor\/allikas: Siim L\u00f5vi \/ERR<\/p>\n<p>On teil endal m\u00f5ttes, mis see v\u00f5idumudel siis oleks, kuidas ikkagi muuta Reformierakond tagasi selleks erakonnaks, kes ka tulevikus v\u00f5imul on ja p\u00f5hilisi otsuseid langetab?<\/p>\n<p>No nii nagu ma alguses \u00fctlesin \u2013 kaks asja. \u00dcks asi on see, et Reformierakond on alati olnud poliittehnoloogias v\u00e4ga tugev ja valimiste korraldamises ja oma h\u00e4\u00e4lte v\u00f5itmises olnud v\u00e4ga edukas \u2013 see kindlasti j\u00e4tkub. See on \u00fcks asi.<\/p>\n<p>Aga teine asi on, mida ma tingimata r\u00f5hutan, mida ma alguses \u00fctlesin, on see, et k\u00fcsimus on ikkagi mitte Reformierakonnas ja tema kohtades, vaid k\u00fcsimus on, milline saab olema 2027. aasta Eesti Vabariik.<\/p>\n<p>Ja siinkohal ma v\u00f5in k\u00fcll \u00f6elda, et ma n\u00e4en paljusid asju, mida tuleks endiselt kaitsta ja tuleks hoida sedasama liini. Minu p\u00e4rast kasv\u00f5i rahvusvahelises maailmas \u2013 on ju v\u00e4ga selge, et maailmas levivad protektsionistlikud meeleolud, mis on alati olnud meie jaoks vastuv\u00f5etamatu ja teisi niisuguseid asju.<\/p>\n<p>\u00dches\u00f5naga liberaaldemokraatia on suhteliselt selge kontseptsioon, ma isegi olen sellest ju kirjutanud. Selle kontseptsiooni p\u00f5him\u00f5tteid on vaja edasi kaitsta. Liberaalne kontseptsioon on eelk\u00f5ige kodanikukeskne riik ja mitte riigikapitalism, millel on ka omad voorused ja mida on ka aeg-ajalt ka rakendatud. See oleks see, mida mina tahaksin n\u00e4ha.<\/p>\n<p>Varsti hakatakse juba erakondade platvorme tutvustama j\u00e4rgmisteks riigikogu valimisteks. Kui Reformierakond oma platvormiga v\u00e4lja tuleb, siis mis seal fookus peaks olema, et Reformierakonda \u00fchiskonnas paremini m\u00fc\u00fca? Kas see peaks olema majandusel, inimeste toimetulekul, rahalisel poolel v\u00f5i peaks see olema rohkem v\u00e4\u00e4rtusp\u00f5hine? Eesti 200 puhul ju p\u00f5rgatati siin m\u00f5ni kuu tagasi m\u00f5tteid, et Eesti 200 otsib uuesti v\u00e4\u00e4rtusp\u00f5hist konflikti, kus siis ennast taas defineerida nii-\u00f6elda liberaalse, progressiivse erakonnana ja niiviisi vastandudes Isamaale, Keskerakonnale, EKRE-le saaks v\u00f5ib-olla toetust taas kasvatada. Kas see on midagi, mis ka Reformierakonna puhul t\u00f6\u00f6taks?<\/p>\n<p>Nagu ma \u00fctlesin, ma tahaksin seda, et me j\u00e4tkaksime sama vabariigiga, mille me 1991. aastal v\u00f5i tegelikult isegi natuke varem v\u00f5i natuke hiljem, k\u00fcmne aasta jooksul kujundasime. See oleks peamine.<\/p>\n<p>Nende programmidega on niisugune asi&#8230; Selle koha pealt on mul oma ettekujutus, mulle ei meeldi pikad programmid ja pikad tekstid. Aga samas on see j\u00e4lle paratamatu, et k\u00f5ik inimesed, kelle h\u00e4\u00e4li sa tahad v\u00f5luda, otsivad sealt oma lauset, et kas minu teemat on seal sees v\u00f5i ei ole. Ja nii need tekstid venivad ja venivad pikaks ja valgustavad k\u00f5iki k\u00fclgi.<\/p>\n<p>Tundub, et teisiti ka ei saa, aga ma kujutaks ette, et v\u00f5iks olla p\u00f5him\u00f5tteliselt ikkagi mingisugune manifesti moodi asi, mis on l\u00fchike ja selge. Meil oli ju \u00fcks manifest, meil on siiamaani, see kehtib. See ka on tegelikult \u00fcsna pikk, aga et p\u00f5hipunktid oleksid v\u00e4ga selged, ega seda nagu veel ei ole. See k\u00e4iakse ju ikkagi v\u00e4lja alles valimiste eel, nii et sinna on veel aega.<\/p>\n<p>Kusjuures niisugune l\u00fchike ja selge manifest, see k\u00f5lab praegu midagi, nagu oleks v\u00f5ib-olla Parempoolsetel. Kas Parempoolsed v\u00f5ib-olla ongi uus Reformierakond? Mis te sellest m\u00f5ttest arvate?<\/p>\n<p>No ei tahaks teisi erakondi kommenteerima hakata. Mul on parempoolsete tekste hea meel lugeda. Ainult seal on \u00fcks konks \u2013 need tekstid meenutavad v\u00e4ga palju neid samu tekste, mida ka mina kirjutasin kuskil 1995. aastal. Aga 1995. aastal \u2013 sellest on juba t\u00fckk aega m\u00f6\u00f6das!<\/p>\n<p>Reformierakond ikkagi leidis kombinatsiooni nendest manifesti ideedest ja taktikast, et ka need manifesti ideed teostatavaks muuta.<\/p>\n<p>Kui ma hakkasin m\u00f5tlema, et seesama idee \u2013 kaotada ettev\u00f5tte tulumaks \u2013 s\u00fcnd ja selle realiseerimine v\u00f5ttis seitse aastat. Nii et p\u00f5him\u00f5tteliselt \u00fchest k\u00fcljest manifest ja teisest k\u00fcljest taktika see manifest ellu viia \u2013 vaat seal on vaja poliitilist kogemust ja tehnoloogiat ja eelk\u00f5ige inimesi, kes v\u00f5luvad valijaid. See on see tehnika.<\/p>\n<p>Nii et m\u00f5nes m\u00f5ttes v\u00f5ib \u00f6elda, et Reformierakonna toonane vaim, 1990ndate vaim, elab praegu edasi Parempoolsetes?<\/p>\n<p>Ausalt \u00f6eldes ega ma nii palju nende vaateid ka ei ole j\u00e4lginud. Olen ainult t\u00e4hele pannud seda, et nad kordavad neid samu ideid, mis meile k\u00f5ik v\u00e4ga olulised olid. Ainult nende ideedega on see lugu, et nende elluviimine p\u00f5rkub v\u00e4ga suures osas ka v\u00e4hemalt \u00fchiskonna mittem\u00f5istmisele, kui mitte vastuseisule. Nii et siis tuleb leida teid, kuidas \u00fchiskonda veenda selles v\u00f5i teises idees.<\/p>\n<p>Nii et ma ei oska seda \u00f6elda. Selles m\u00f5ttes on tore, et neid ideid korratakse, aga kuidas neid ellu viia, see on omaette k\u00fcsimus.<\/p>\n<p>Olete te selle peale m\u00f5elnud, et kui te ei oleks Reformierakonna asutaja, kui te ei oleks Reformierakonna endine peaminister, kui teil ei oleks niisugust emotsionaalset sidet Reformierakonnaga, kas te siis, kui homme n\u00e4iteks toimuksid riigikogu valimised, valiksitegi v\u00f5ib-olla hoopis Parempoolseid Reformierakonna asemel?<\/p>\n<p>Ei oska seda \u00f6elda. V\u00e4ga paljud inimesed \u2013 v\u00f5tke kasv\u00f5i siin erakondade esimehed l\u00e4bi 30 ja rohkemate aastate \u2013 kes on vahetanud erakondi. Ma pean seda alati v\u00e4ga suureks p\u00f5him\u00f5tteliseks veaks.<\/p>\n<p>Oleme valiku teinud, j\u00e4\u00e4me selle juurde, l\u00e4hme koos, kui oled veel kapten, siis kapten l\u00e4heb koos laevaga p\u00f5hja. On ju teada, et kapten lahkub laevalt viimasena, kui \u00fcldse lahkub. Nii et ma ei spekuleeri sellega.<\/p>\n<p>\u00dctleme teistpidi: ma arvan, et Reformierakonna loomine ise on asi, mille \u00fcle minul on hea meel ja see on k\u00f5ik \u00fcsna loogiline ja loomulik, et poliitikas lained k\u00e4ivad \u00fcles ja alla ja praegu on m\u00f5\u00f5naperiood. Aga kas see m\u00f5\u00f5naperiood j\u00e4tkub v\u00f5i asendub see ka t\u00f5usuga&#8230; Mina loodan, et see asendub t\u00f5usuga, aga mina olen selle valiku teinud ja selle valiku juurde ma j\u00e4\u00e4n.<\/p>\n","protected":false},"excerpt":{"rendered":"Reformierakonna reiting on olnud viimased neli n\u00e4dalat languses, Norstati k\u00fcsitluse j\u00e4rgi on Reformierakond langenud sotsiaaldemokraatidest ja EKRE-st tahapoole&hellip;\n","protected":false},"author":2,"featured_media":121899,"comment_status":"","ping_status":"","sticky":false,"template":"","format":"standard","meta":{"footnotes":"","_share_on_mastodon":"0"},"categories":[5],"tags":[26,27,37,33,35,34,36,31,32,21,28,29,56480,19,1059,55988,25,643,1635,23,24,22,20,4477,30],"class_list":["post-121898","post","type-post","status-publish","format-standard","has-post-thumbnail","category-uldised-uudised","tag-breaking-news","tag-breakingnews","tag-ee","tag-eesti","tag-eesti-keel","tag-estonia","tag-estonian","tag-featured-news","tag-featurednews","tag-headlines","tag-latest-news","tag-latestnews","tag-liberaaldemokraatia","tag-news","tag-parempoolsed","tag-parteide-toetus","tag-populaarseimad-lood","tag-reformierakond","tag-siim-kallas","tag-top-stories","tag-topstories","tag-uldised-uudised","tag-uudised","tag-valimiskampaania","tag-viimased-uudised"],"share_on_mastodon":{"url":"https:\/\/pubeurope.com\/@ee\/116177778975084946","error":""},"_links":{"self":[{"href":"https:\/\/www.europesays.com\/ee\/wp-json\/wp\/v2\/posts\/121898","targetHints":{"allow":["GET"]}}],"collection":[{"href":"https:\/\/www.europesays.com\/ee\/wp-json\/wp\/v2\/posts"}],"about":[{"href":"https:\/\/www.europesays.com\/ee\/wp-json\/wp\/v2\/types\/post"}],"author":[{"embeddable":true,"href":"https:\/\/www.europesays.com\/ee\/wp-json\/wp\/v2\/users\/2"}],"replies":[{"embeddable":true,"href":"https:\/\/www.europesays.com\/ee\/wp-json\/wp\/v2\/comments?post=121898"}],"version-history":[{"count":0,"href":"https:\/\/www.europesays.com\/ee\/wp-json\/wp\/v2\/posts\/121898\/revisions"}],"wp:featuredmedia":[{"embeddable":true,"href":"https:\/\/www.europesays.com\/ee\/wp-json\/wp\/v2\/media\/121899"}],"wp:attachment":[{"href":"https:\/\/www.europesays.com\/ee\/wp-json\/wp\/v2\/media?parent=121898"}],"wp:term":[{"taxonomy":"category","embeddable":true,"href":"https:\/\/www.europesays.com\/ee\/wp-json\/wp\/v2\/categories?post=121898"},{"taxonomy":"post_tag","embeddable":true,"href":"https:\/\/www.europesays.com\/ee\/wp-json\/wp\/v2\/tags?post=121898"}],"curies":[{"name":"wp","href":"https:\/\/api.w.org\/{rel}","templated":true}]}}