{"id":122028,"date":"2026-03-05T20:43:12","date_gmt":"2026-03-05T20:43:12","guid":{"rendered":"https:\/\/www.europesays.com\/ee\/122028\/"},"modified":"2026-03-05T20:43:12","modified_gmt":"2026-03-05T20:43:12","slug":"ringhaalingumuuseumi-aeg-voib-turil-umber-saada","status":"publish","type":"post","link":"https:\/\/www.europesays.com\/ee\/122028\/","title":{"rendered":"Ringh\u00e4\u00e4lingumuuseumi aeg v\u00f5ib T\u00fcril \u00fcmber saada"},"content":{"rendered":"<p>S\u00e4rkinen s\u00f5nas, et v\u00e4hemalt sellised signaalid on vallavalitsuseni j\u00f5udnud. \u00abViimase aasta-paari jooksul on seda arutatud, kuid l\u00f5plikku otsust veel tehtud ei ole,\u00bb selgitas ta. \u00abMuuseum vajaks restarti ja rahas\u00fcsti, mida meil kui omavalitsusel pakkuda ei ole. Teised osapooled (MT\u00dc Eesti Ringh\u00e4\u00e4lingumuuseumi liikmed \u2013 toim) on n\u00f5us seda tegema ja nende m\u00f5te on viia muuseum Tallinna.\u00bb<\/p>\n","protected":false},"excerpt":{"rendered":"S\u00e4rkinen s\u00f5nas, et v\u00e4hemalt sellised signaalid on vallavalitsuseni j\u00f5udnud. \u00abViimase aasta-paari jooksul on seda arutatud, kuid l\u00f5plikku otsust&hellip;\n","protected":false},"author":2,"featured_media":122029,"comment_status":"","ping_status":"","sticky":false,"template":"","format":"standard","meta":{"footnotes":"","_share_on_mastodon":"0"},"categories":[12],"tags":[56510,26,27,37,33,35,56509,33697,34,36,31,32,21,33693,28,29,19,25,56472,5487,23,24,13076,22,20,30],"class_list":["post-122028","post","type-post","status-publish","format-standard","has-post-thumbnail","category-eesti","tag-anneli-siimussaar","tag-breaking-news","tag-breakingnews","tag-ee","tag-eesti","tag-eesti-keel","tag-eesti-piimandusmuuseum","tag-eesti-ringhaalingumuuseum","tag-estonia","tag-estonian","tag-featured-news","tag-featurednews","tag-headlines","tag-juhan-sihver","tag-latest-news","tag-latestnews","tag-news","tag-populaarseimad-lood","tag-ringhaalingumuuseum","tag-sulo-sarkinen","tag-top-stories","tag-topstories","tag-turi-vald","tag-uldised-uudised","tag-uudised","tag-viimased-uudised"],"share_on_mastodon":{"url":"https:\/\/pubeurope.com\/@ee\/116178518164537992","error":""},"_links":{"self":[{"href":"https:\/\/www.europesays.com\/ee\/wp-json\/wp\/v2\/posts\/122028","targetHints":{"allow":["GET"]}}],"collection":[{"href":"https:\/\/www.europesays.com\/ee\/wp-json\/wp\/v2\/posts"}],"about":[{"href":"https:\/\/www.europesays.com\/ee\/wp-json\/wp\/v2\/types\/post"}],"author":[{"embeddable":true,"href":"https:\/\/www.europesays.com\/ee\/wp-json\/wp\/v2\/users\/2"}],"replies":[{"embeddable":true,"href":"https:\/\/www.europesays.com\/ee\/wp-json\/wp\/v2\/comments?post=122028"}],"version-history":[{"count":0,"href":"https:\/\/www.europesays.com\/ee\/wp-json\/wp\/v2\/posts\/122028\/revisions"}],"wp:featuredmedia":[{"embeddable":true,"href":"https:\/\/www.europesays.com\/ee\/wp-json\/wp\/v2\/media\/122029"}],"wp:attachment":[{"href":"https:\/\/www.europesays.com\/ee\/wp-json\/wp\/v2\/media?parent=122028"}],"wp:term":[{"taxonomy":"category","embeddable":true,"href":"https:\/\/www.europesays.com\/ee\/wp-json\/wp\/v2\/categories?post=122028"},{"taxonomy":"post_tag","embeddable":true,"href":"https:\/\/www.europesays.com\/ee\/wp-json\/wp\/v2\/tags?post=122028"}],"curies":[{"name":"wp","href":"https:\/\/api.w.org\/{rel}","templated":true}]}}