{"id":122079,"date":"2026-03-05T22:19:14","date_gmt":"2026-03-05T22:19:14","guid":{"rendered":"https:\/\/www.europesays.com\/ee\/122079\/"},"modified":"2026-03-05T22:19:14","modified_gmt":"2026-03-05T22:19:14","slug":"ikkagi-inimesed-thuni-superseeria-sai-mangu-viimasest-loogist-otsa-soccernet-ee","status":"publish","type":"post","link":"https:\/\/www.europesays.com\/ee\/122079\/","title":{"rendered":"Ikkagi inimesed! Thuni superseeria sai m\u00e4ngu viimasest l\u00f6\u00f6gist otsa &#8211; Soccernet.ee"},"content":{"rendered":"<p><img decoding=\"async\" src=\"https:\/\/www.europesays.com\/ee\/wp-content\/uploads\/2026\/03\/1760210676.jpg\" alt=\"Mattias K\u00e4it ja Thun j\u00e4tkavad v\u00e4ikesest tagasil\u00f6\u00f6gist hoolimata kullateed. Foto: Brit Maria Tael\"\/>&#13;\n<\/p>\n<p>\u0160veitsi k\u00f5rgliigas sai dramaatilisel moel l\u00e4bi Mattias K\u00e4idi koduklubi Thuni v\u00f5imas k\u00fcmnem\u00e4nguline v\u00f5iduseeria, kui kodus anti viimasel hetkel l\u00e4hima j\u00e4litaja St. Galleni vastu edu k\u00e4est. Teed meistritiitli suunas 2:2 viik siiski liialt ei riku, sest edu tabelis on endiselt v\u00e4ga suur.<\/p>\n<p>Viimati detsembri keskel peale v\u00f5idu mingit muud tulemust tunnistanud Thun alustas m\u00e4ngu v\u00e4ga kaitsvalt ja v\u00f5itu vajanud St. Gallen seevastu r\u00fcndavalt. Esimese poole tunniga tegid v\u00f5\u00f5rustajad vastase karistusalas vaid kaks pallipuudet, alles siis j\u00f5udi esmakordselt v\u00e4hegi ohtliku olukorra tekitamiseni. Samas pidas ka Thuni kaitse, sest k\u00fclaliste \u00fcritused lendasid v\u00e4ravast m\u00f6\u00f6da v\u00f5i takerdusid kaitsjatesse.&#13;\n<\/p>\n<p>Oma tahtmise St. Gallen enne poolaja l\u00f5ppu siiski sai. Aliou Balde p\u00e4\u00e4ses liini taha jooksu, Thuni kaitsja Jan Bamert niitis tal karistusalas jalad alt ning VAR-iga n\u00f5u pidanud peakohtunik Johannes von Mandach osutas ekraani juurest naastes penaltipunktile. 11 meetri karistusl\u00f6\u00f6gi realiseeris kindlalt Lukas G\u00f6rtler.&#13;\n<\/p>\n<p>Poolaja l\u00f5pus avanes Thunil kaks v\u00e4ga head \u0161anssi viigistamiseks, ent Elmin Rastoder ei tabanud tsenderduse j\u00e4rel korralikult palli ning Kastriot Imeri l\u00f6\u00f6k lendas napilt v\u00e4ravapostist m\u00f6\u00f6da. Samas v\u00f5inuks seis lisaminutitel ka hoopis hullemaks minna, kui \u0160veitsi noortekoondise s\u00e4rgis mullu s\u00fcgisel Tallinnas Eestilegi v\u00e4rava l\u00f6\u00f6nud Alessandro Vogt n\u00e4ppas kaitsjalt palli ja p\u00e4\u00e4ses Niklas Steffeniga silmitsi. Thuni v\u00e4ravavaht oli siiski \u00fclesannete k\u00f5rgusel, tuli \u00f5igeaegselt vastu ja t\u00f5rjus.<\/p>\n<p>Uus energia, aga \u00f5nnetu l\u00f5pp&#13;\n<\/p>\n<p>Teist poolaega oli m\u00e4ngitud vaid m\u00f5ni minut, kui riietusruumist t\u00e4iesti teistsuguse energiaga naasnud Thun j\u00f5udis viigi \u00fcle r\u00f5\u00f5mustada, aga vaid hetkeks. Kodumeeskonna nurgal\u00f6\u00f6gi j\u00e4rel oli St. Gallen vastur\u00fcnnakule p\u00e4\u00e4semas, kuid K\u00e4it peatas selle veenvalt ja m\u00e4ngis palli tagasi vastase v\u00e4rava ette, kus see j\u00f5udis Leonardo Bertonele. M\u00f5ningase sudimise j\u00e4rel maandus pall v\u00e4ravas, kuid \u00fcks Thuni m\u00e4ngija oli r\u00fcnnaku k\u00e4igus suluseisu j\u00e4\u00e4nud, sekkus seej\u00e4rel aktiivselt m\u00e4ngu ja v\u00e4rav t\u00fchistati.&#13;\n<\/p>\n<p>\u00d5ige varsti saadi siiski viigiv\u00e4rav k\u00e4tte, kusjuures Thun pidi selle eest k\u00f5vasti t\u00e4nama avapoolajal skoori avanud G\u00f6rtlerit. St. Galleni kapten j\u00e4ttis karistusalas k\u00e4ed liiga laiali ja p\u00f5hjustas penalti, mille Bertone rahulikult sihile veeretas. Indu saanud Thunil kulus eduseisu haaramiseni alla k\u00fcmne minuti &#8211; nurgal\u00f6\u00f6gi j\u00e4rel kerkis karistusalas v\u00f5imsalt \u00f5hku keskkaitsja Genis Montolio ja l\u00f5i peaga p\u00fc\u00fcdmatult 2:1.&#13;\n<\/p>\n<p>Keskv\u00e4ljal k\u00f5vasti t\u00f6\u00f6d r\u00fcganud K\u00e4it vahetati 71. minutil puhkama, ent sellest hoolimata n\u00e4is, et Thun kontrollib rahulikult m\u00e4ngu ja hoiab edu l\u00f5puvileni. Peaaegu kontrollis ja peaaegu hoidiski, paraku kadus viimasel hetkel ikkagi keskendumine. Kohtuniku m\u00e4\u00e4ratud neli lisaminutit olid just t\u00e4is tiksunud ja k\u00fcmmekond sekundit pealegi, kui Christian Witzig sai palli ja saatis selle alumisse v\u00e4ravanurka &#8211; 2:2. Tabamus j\u00e4igi m\u00e4ngu viimaseks l\u00f6\u00f6giks, sest kohe k\u00f5las ka l\u00f5puvile.<\/p>\n<blockquote class=\"instagram-media\" data-instgrm-captioned=\"\" data-instgrm-permalink=\"https:\/\/www.instagram.com\/p\/DVhJSc8EgYR\/?utm_source=ig_embed&amp;utm_campaign=loading\" data-instgrm-version=\"14\" style=\" background:#FFF; border:0; border-radius:3px; box-shadow:0 0 1px 0 rgba(0,0,0,0.5),0 1px 10px 0 rgba(0,0,0,0.15); margin: 1px; max-width:540px; min-width:326px; padding:0; width:99.375%; width:-webkit-calc(100% - 2px); width:calc(100% - 2px);\"><p>&#13;<br \/>\n&#13;\n<\/p><\/blockquote>\n<p>Seis liigatabelis pole eestlase t\u00f6\u00f6andjale siiski liiga hull, sest edu teisena j\u00e4tkava St. Galleni ees on j\u00e4tkuvalt 15 punkti. P\u00f5hiturniiri l\u00f5puni on \u0160veitsis j\u00e4\u00e4nud viis vooru, seej\u00e4rel l\u00fc\u00fcakse 12 meeskonnaga tabel pooleks ning peetakse veel viis vooru. Kokku on seega laual veel 30 punkti, hooajale pannakse punkt 17. mail. J\u00e4rgmises voorus on Thuni vastaseks viiendat kohta hoidev Young Boys.<\/p>\n<p>          <script async src=\"\/\/www.instagram.com\/embed.js\"><\/script><\/p>\n","protected":false},"excerpt":{"rendered":"&#13; \u0160veitsi k\u00f5rgliigas sai dramaatilisel moel l\u00e4bi Mattias K\u00e4idi koduklubi Thuni v\u00f5imas k\u00fcmnem\u00e4nguline v\u00f5iduseeria, kui kodus anti viimasel&hellip;\n","protected":false},"author":2,"featured_media":122080,"comment_status":"","ping_status":"","sticky":false,"template":"","format":"standard","meta":{"footnotes":"","_share_on_mastodon":"0"},"categories":[18],"tags":[56516,37,33,35,34,36,56517,6576,5651,159,158,56518,4588,8582],"class_list":["post-122079","post","type-post","status-publish","format-standard","has-post-thumbnail","category-sport","tag-bertone","tag-ee","tag-eesti","tag-eesti-keel","tag-estonia","tag-estonian","tag-gortler","tag-kait","tag-mattias-kait","tag-sport","tag-sports","tag-st-gallen","tag-sveits","tag-thun"],"share_on_mastodon":{"url":"https:\/\/pubeurope.com\/@ee\/116178895784128736","error":""},"_links":{"self":[{"href":"https:\/\/www.europesays.com\/ee\/wp-json\/wp\/v2\/posts\/122079","targetHints":{"allow":["GET"]}}],"collection":[{"href":"https:\/\/www.europesays.com\/ee\/wp-json\/wp\/v2\/posts"}],"about":[{"href":"https:\/\/www.europesays.com\/ee\/wp-json\/wp\/v2\/types\/post"}],"author":[{"embeddable":true,"href":"https:\/\/www.europesays.com\/ee\/wp-json\/wp\/v2\/users\/2"}],"replies":[{"embeddable":true,"href":"https:\/\/www.europesays.com\/ee\/wp-json\/wp\/v2\/comments?post=122079"}],"version-history":[{"count":0,"href":"https:\/\/www.europesays.com\/ee\/wp-json\/wp\/v2\/posts\/122079\/revisions"}],"wp:featuredmedia":[{"embeddable":true,"href":"https:\/\/www.europesays.com\/ee\/wp-json\/wp\/v2\/media\/122080"}],"wp:attachment":[{"href":"https:\/\/www.europesays.com\/ee\/wp-json\/wp\/v2\/media?parent=122079"}],"wp:term":[{"taxonomy":"category","embeddable":true,"href":"https:\/\/www.europesays.com\/ee\/wp-json\/wp\/v2\/categories?post=122079"},{"taxonomy":"post_tag","embeddable":true,"href":"https:\/\/www.europesays.com\/ee\/wp-json\/wp\/v2\/tags?post=122079"}],"curies":[{"name":"wp","href":"https:\/\/api.w.org\/{rel}","templated":true}]}}