{"id":122150,"date":"2026-03-06T03:16:15","date_gmt":"2026-03-06T03:16:15","guid":{"rendered":"https:\/\/www.europesays.com\/ee\/122150\/"},"modified":"2026-03-06T03:16:15","modified_gmt":"2026-03-06T03:16:15","slug":"fotod-ekstreemsusi-tais-seiklus-kristjan-joekalda-ja-teet-margna-esitlesid-uut-reisisaadet-kaks-kanget-argentiinas","status":"publish","type":"post","link":"https:\/\/www.europesays.com\/ee\/122150\/","title":{"rendered":"FOTOD | Ekstreemsusi t\u00e4is seiklus! Kristjan J\u00f5ekalda ja Teet Margna esitlesid uut reisisaadet \u201eKaks kanget Argentiinas\u201c"},"content":{"rendered":"<p>Kristjan J\u00f5ekalda \u00fctles t\u00e4na Tallinnas Argentina restoranis toimunud reisisarja esitlusel, et reis kujunes t\u00f5eliselt kirjuks ja mitmek\u00fclgseks. \u201eArgentina on oma eriilmelisuse poolest samav\u00f5rd rikkalik kui meie armastatud \u00fchepajatoit \u2013 sinna mahub t\u00f5esti k\u00f5ike: nii j\u00e4\u00e4liustikke, \u00fcrgset d\u017eunglielu, suurlinna tangomelu, soolaj\u00e4rvi kui ka k\u00f5rbeid,\u201c r\u00e4\u00e4kis J\u00f5ekalda.<\/p>\n<p class=\"x_MsoNormal\">\u201eMuidugi tutvusime sealse veinikultuuriga ja vaatasime oma silmaga \u00fcle k\u00f5ik kohalikud maailmaimed. Pealinn Buenos Aires oli laheda \u00f5hustikuga, inimesed \u00fclimalt s\u00f5bralikud ja mingit masside alla j\u00e4\u00e4mist ei olnud. Mu tangotantsija kost\u00fc\u00fcm t\u00f5mbas kindlasti t\u00e4helepanu, aga eks Teet hoidis mul kogu aeg silma peal,\u201c nentis J\u00f5ekalda.<\/p>\n<p class=\"x_MsoNormal\">Argentina suuri vahemaid arvestades l\u00e4bisid telemehed reisil tuhandeid kilomeetreid ning eri piirkondade vahel tuli appi v\u00f5tta ka mitmeid siselende.<\/p>\n<p class=\"x_MsoNormal\">\u201eSamas on keeruline nimetada transpordivahendit, millega me ei s\u00f5itnud. Sinna mahtus t\u00f5esti k\u00f5ike \u2013 k\u00e4restikus\u00f5it j\u00f5el, paadi-, bussi- ja autos\u00f5idud ning suisa rongis\u00f5it pilvede kohal. Vot nii k\u00f5rgel pole ma elus rongiga s\u00f5itnud! Ja muidugi pidime sealt m\u00e4e otsast l\u00f5puks jalgsi alla vantsima,\u201c \u00fctles J\u00f5ekalda.<\/p>\n<p class=\"x_MsoNormal\">\u201eSelline reis paneb m\u00f5tlema, et maailm on ikka uskumatult suur. Ja tuletab meelde vana t\u00f5demuse, et Teeduga koos reisides ei hakka sul kunagi igav,\u201c naeris J\u00f5ekalda.<\/p>\n<p><a href=\"http:\/\/kroonika.delfi.ee\/artikkel\/120437020\/video-kristjan-joekalda-vilistas-reisisaadet-filmides-reeglitele-ja-pani-oma-elu-ohtu-kes-ei-riski-see-sampanjat-ei-joo#dalrel-in-article\" class=\"content-embedded-articles-double__embedded-article\" data-v-bd1bb421=\"\" rel=\"nofollow noopener\" target=\"_blank\"><\/p>\n<p> 18.02.2026 <\/p>\n<p> VIDEO | Kristjan J\u00f5ekalda vilistas reisisaadet filmides reeglitele ja pani oma elu ohtu: kes ei riski, see \u0161ampanjat ei joo  (33) <\/p>\n<p><\/a><a href=\"http:\/\/kroonika.delfi.ee\/artikkel\/120419319\/kaks-kanget-said-argentinas-meeletu-tahelepanu-osaliseks-joekalda-uhelgi-varasemal-reisil-pole-nii-olnud#dalrel-in-article\" class=\"content-embedded-articles-double__embedded-article\" data-v-bd1bb421=\"\" rel=\"nofollow noopener\" target=\"_blank\"><\/p>\n<p> 04.12.2025 <\/p>\n<p> \u201eKaks kanget\u201c said Argentinas meeletu t\u00e4helepanu osaliseks. J\u00f5ekalda: \u00fchelgi varasemal reisil pole nii olnud! <\/p>\n<p><\/a>Kuidas see lugu Sind end tundma pani? Saada <a href=\"https:\/\/kroonika.delfi.ee\/artikkel\/120440462\/fotod-ekstreemsusi-tais-seiklus-kristjan-joekalda-ja-teet-margna-esitlesid-uut-reisisaadet-kaks-kanget-argentiinas\/kommentaarid\" class=\"article-body-bottom__comment article-body-bottom__comment--write button button--primary button--size-auto\" rel=\"nofollow noopener\" target=\"_blank\"> Kommenteeri <\/a><a href=\"https:\/\/kroonika.delfi.ee\/artikkel\/120440462\/fotod-ekstreemsusi-tais-seiklus-kristjan-joekalda-ja-teet-margna-esitlesid-uut-reisisaadet-kaks-kanget-argentiinas\/kommentaarid\" class=\"article-body-bottom__comment article-body-bottom__comment--read button button--size-auto\" rel=\"nofollow noopener\" target=\"_blank\"> Loe kommentaare (5)<\/a><\/p>\n","protected":false},"excerpt":{"rendered":"Kristjan J\u00f5ekalda \u00fctles t\u00e4na Tallinnas Argentina restoranis toimunud reisisarja esitlusel, et reis kujunes t\u00f5eliselt kirjuks ja mitmek\u00fclgseks. \u201eArgentina&hellip;\n","protected":false},"author":2,"featured_media":122151,"comment_status":"","ping_status":"","sticky":false,"template":"","format":"standard","meta":{"footnotes":"","_share_on_mastodon":"0"},"categories":[16],"tags":[14401,37,33,35,173,34,36,12054,140,12055,257],"class_list":["post-122150","post","type-post","status-publish","format-standard","has-post-thumbnail","category-meelelahutus","tag-argentiina","tag-ee","tag-eesti","tag-eesti-keel","tag-entertainment","tag-estonia","tag-estonian","tag-kristjan-joekalda","tag-meelelahutus","tag-teet-margna","tag-tv3"],"share_on_mastodon":{"url":"https:\/\/pubeurope.com\/@ee\/116180063622765699","error":""},"_links":{"self":[{"href":"https:\/\/www.europesays.com\/ee\/wp-json\/wp\/v2\/posts\/122150","targetHints":{"allow":["GET"]}}],"collection":[{"href":"https:\/\/www.europesays.com\/ee\/wp-json\/wp\/v2\/posts"}],"about":[{"href":"https:\/\/www.europesays.com\/ee\/wp-json\/wp\/v2\/types\/post"}],"author":[{"embeddable":true,"href":"https:\/\/www.europesays.com\/ee\/wp-json\/wp\/v2\/users\/2"}],"replies":[{"embeddable":true,"href":"https:\/\/www.europesays.com\/ee\/wp-json\/wp\/v2\/comments?post=122150"}],"version-history":[{"count":0,"href":"https:\/\/www.europesays.com\/ee\/wp-json\/wp\/v2\/posts\/122150\/revisions"}],"wp:featuredmedia":[{"embeddable":true,"href":"https:\/\/www.europesays.com\/ee\/wp-json\/wp\/v2\/media\/122151"}],"wp:attachment":[{"href":"https:\/\/www.europesays.com\/ee\/wp-json\/wp\/v2\/media?parent=122150"}],"wp:term":[{"taxonomy":"category","embeddable":true,"href":"https:\/\/www.europesays.com\/ee\/wp-json\/wp\/v2\/categories?post=122150"},{"taxonomy":"post_tag","embeddable":true,"href":"https:\/\/www.europesays.com\/ee\/wp-json\/wp\/v2\/tags?post=122150"}],"curies":[{"name":"wp","href":"https:\/\/api.w.org\/{rel}","templated":true}]}}