{"id":122190,"date":"2026-03-06T04:58:07","date_gmt":"2026-03-06T04:58:07","guid":{"rendered":"https:\/\/www.europesays.com\/ee\/122190\/"},"modified":"2026-03-06T04:58:07","modified_gmt":"2026-03-06T04:58:07","slug":"postimees-ukrainas-%e2%9f%a9-ukraina-soduritel-tekib-sanss-koju-paaseda","status":"publish","type":"post","link":"https:\/\/www.europesays.com\/ee\/122190\/","title":{"rendered":"POSTIMEES UKRAINAS \u27e9 Ukraina s\u00f5duritel tekib \u0161anss koju p\u00e4\u00e4seda"},"content":{"rendered":"<p>Reformi eesm\u00e4rk on lahendada neli probleemi: rindele ei j\u00e4tku mehi, mobilisatsioonist hoitakse k\u00f5rvale, pole motivatsiooni s\u00f5tta minna ning broneerimiss\u00fcsteem on eba\u00f5iglane, \u00fctles militaaranal\u00fc\u00fctik Viktor Kevljuk. Broneerimiss\u00fcsteemi all pidas ta silmas Ukrainas kehtivat korda, kus riigi toimimiseks vajalike riigiametite ja ettev\u00f5tete t\u00f6\u00f6tajaid ei v\u00f5eta armeesse, nad saavad nn bronni.<\/p>\n<p>\u00abHinnangute j\u00e4rgi ulatuvad Ukraina relvaj\u00f5udude kaotused 500 000 \u2013 600 000 inimeseni ning t\u00e4iendav vajadus on kuni 500 000 s\u00f5durit,\u00bb \u00fctles Kevljuk Postimehele. Seejuures on Kevljuki s\u00f5nul v\u00e4ga oluline, et keskendutaks rinde\u00fcksuste \u00abmitte ainult kvantitatiivsele, vaid ka kvalitatiivsele t\u00e4iendamisele\u00bb.<\/p>\n<p>Ukraina ei avalda ametlikke andmeid, kui suur on s\u00f5jas kaotuste hulk ja palju mehi kuus keskmiselt mobiliseeritakse. Ekspertide seas on levinud arvamus, et kuus mobiliseeritakse suurusj\u00e4rgus 30 000 meest, mis teeb aastas 360 000 meest. V\u00e4idetavalt j\u00e4tkub sellest kaotuste katmiseks, kuid arvestama peab ka arvestatava hulga v\u00e4ejooksikutega.<\/p>\n","protected":false},"excerpt":{"rendered":"Reformi eesm\u00e4rk on lahendada neli probleemi: rindele ei j\u00e4tku mehi, mobilisatsioonist hoitakse k\u00f5rvale, pole motivatsiooni s\u00f5tta minna ning&hellip;\n","protected":false},"author":2,"featured_media":122191,"comment_status":"","ping_status":"","sticky":false,"template":"","format":"standard","meta":{"footnotes":"","_share_on_mastodon":"0"},"categories":[80],"tags":[26,27,37,33,35,34,36,31,32,21,28,29,95,6822,27833,19,25,11583,23,24,7329,22,20,30,92,93,94],"class_list":["post-122190","post","type-post","status-publish","format-standard","has-post-thumbnail","category-maailm","tag-breaking-news","tag-breakingnews","tag-ee","tag-eesti","tag-eesti-keel","tag-estonia","tag-estonian","tag-featured-news","tag-featurednews","tag-headlines","tag-latest-news","tag-latestnews","tag-maailm","tag-mobilisatsioon","tag-mohhailo-fedorov","tag-news","tag-populaarseimad-lood","tag-reform","tag-top-stories","tag-topstories","tag-ukraina-sodurid","tag-uldised-uudised","tag-uudised","tag-viimased-uudised","tag-world","tag-world-news","tag-worldnews"],"share_on_mastodon":{"url":"https:\/\/pubeurope.com\/@ee\/116180464854014979","error":""},"_links":{"self":[{"href":"https:\/\/www.europesays.com\/ee\/wp-json\/wp\/v2\/posts\/122190","targetHints":{"allow":["GET"]}}],"collection":[{"href":"https:\/\/www.europesays.com\/ee\/wp-json\/wp\/v2\/posts"}],"about":[{"href":"https:\/\/www.europesays.com\/ee\/wp-json\/wp\/v2\/types\/post"}],"author":[{"embeddable":true,"href":"https:\/\/www.europesays.com\/ee\/wp-json\/wp\/v2\/users\/2"}],"replies":[{"embeddable":true,"href":"https:\/\/www.europesays.com\/ee\/wp-json\/wp\/v2\/comments?post=122190"}],"version-history":[{"count":0,"href":"https:\/\/www.europesays.com\/ee\/wp-json\/wp\/v2\/posts\/122190\/revisions"}],"wp:featuredmedia":[{"embeddable":true,"href":"https:\/\/www.europesays.com\/ee\/wp-json\/wp\/v2\/media\/122191"}],"wp:attachment":[{"href":"https:\/\/www.europesays.com\/ee\/wp-json\/wp\/v2\/media?parent=122190"}],"wp:term":[{"taxonomy":"category","embeddable":true,"href":"https:\/\/www.europesays.com\/ee\/wp-json\/wp\/v2\/categories?post=122190"},{"taxonomy":"post_tag","embeddable":true,"href":"https:\/\/www.europesays.com\/ee\/wp-json\/wp\/v2\/tags?post=122190"}],"curies":[{"name":"wp","href":"https:\/\/api.w.org\/{rel}","templated":true}]}}