{"id":122291,"date":"2026-03-06T07:43:05","date_gmt":"2026-03-06T07:43:05","guid":{"rendered":"https:\/\/www.europesays.com\/ee\/122291\/"},"modified":"2026-03-06T07:43:05","modified_gmt":"2026-03-06T07:43:05","slug":"trump-vallandas-kristi-noemi-sisejulgeolekuministri-ametist","status":"publish","type":"post","link":"https:\/\/www.europesays.com\/ee\/122291\/","title":{"rendered":"Trump vallandas Kristi Noemi sisejulgeolekuministri ametist"},"content":{"rendered":"<p>Trump teatas, et on valinud Noemi asendajaks raevukalt lojaalse esimese ametiaja senaatori Markwayne Mullini, vahendab NBC News.<\/p>\n<p>\u201eMul on hea meel teatada, et K\u00f5rgelt Austatud \u00dchendriikide Senaator Suurep\u00e4rasest Oklahoma Osariigist Markwayne Mullin saab \u00dchendriikide Sisejulgeolekuministriks alates 2026. aasta 31. m\u00e4rtsist,\u201c kirjutas Trump oma sotsiaalmeediakanalis Truth Social.<\/p>\n<p>Trump lisas, et Noem, kes \u201eteenis meid h\u00e4sti\u201c, saab uue rolli \u201eEnvoy for The Shield of the Americas\u201c (umbes \u201eAmeerika Kilbi Erisaadik\u201c). Trumpi s\u00f5nul t\u00e4hendab see USA uue julgeolekualgatuse juhtimist l\u00e4\u00e4nepoolkeral.<\/p>\n<p>Trump r\u00e4\u00e4kis Noemiga ametivahetusest kohaliku aja j\u00e4rgi eile p\u00e4rastl\u00f5unal, teatasid kaks allikat NBC-le.<\/p>\n<p>\u00dcks administratsiooni ametnik \u00fctles NBC-le, et Trump otsustas Noemi vallandada \u201etema paljude kahetsusv\u00e4\u00e4rsete juhtimisvigade, sealhulgas <a rel=\"noopener nofollow\" target=\"_blank\" href=\"https:\/\/www.delfi.ee\/teema\/56938188\/minnesota\" tag-id=\"56938188\">Minnesota<\/a> tagaj\u00e4rgede, reklaamikampaania, truudusetuss\u00fc\u00fcdistuste, personali halva juhtimise ning teiste asutuste, sealhugas CBP ja ICE-i juhtidega pideva t\u00fclitsemise, kulmineerumise\u201c t\u00f5ttu.<\/p>\n<p>\u201eKristi draama j\u00e4ttis varju ja juhtis t\u00e4helepanu eemale administratsiooni \u00e4\u00e4rmiselt populaarselt sisser\u00e4ndeagendalt, mis j\u00e4tkub t\u00e4ie j\u00f5uga,\u201c \u00fctles ametnik NBC-le.<\/p>\n<p>Noem on olnud Trumpi p\u00f5hiliste poliitikasuundade eesotsas: sisser\u00e4ndajate v\u00e4ljasaatmine, sisser\u00e4nde piiramine ja USA-Mehhiko piiri sulgemine. Ta on esimene minister, kes Trumpi teisel ametiajal t\u00f6\u00f6 kaotab.<\/p>\n<p>Noemi koht administratsioonis muutus \u00fcha k\u00f5ikuvamaks p\u00e4rast seda, kui f\u00f6deraalagendid lasid immigratsioonioperatsiooni k\u00e4igus <a rel=\"noopener nofollow\" target=\"_blank\" href=\"https:\/\/www.delfi.ee\/teema\/90017373\/minneapolis\" tag-id=\"90017373\">Minneapolises<\/a> maha kaks USA kodanikku. Noemi suhted rannikuvalvega, mis on ainus USA s\u00f5jav\u00e4e osa, mis oli tema alluvuses, hakkasid teravnema ning ta tegi sel n\u00e4dalal kongressis avaldusi, mis pahandasid Trumpi.<\/p>\n<p>Nimelt k\u00fcsisid seadusandjad Noemilt 200 miljoni dollarise reklaamikampaania kohta, milles \u00f5hutati iga\u00fcht, kes on USA-s ebaseaduslikult, vabatahtlikult riigist lahkuma. Reklaamis esines Noem ise.<\/p>\n<p>Noem \u00fctles teisip\u00e4eval senati \u00f5iguskomiteele, et Trump kiitis selle reklaamikampaania heaks, mida Valge Maja seej\u00e4rel eitas.<\/p>\n<p>Senati ja esindajatekoja sel n\u00e4dalal toimunud kuulamistel k\u00fcsiti Noemi k\u00e4est ka administratsiooni tegevuse kohta Minneapolises, kuhu saadeti tuhandeid f\u00f6deraalj\u00f5ude ebaseaduslikke sisser\u00e4ndajaid otsima ja v\u00e4lja saatma. Need j\u00f5ud kasutasid brutaalset taktikat, mis t\u00f5i kaasa erakondade\u00fclese kriitika Noemi aadressil.<\/p>\n<p>Noem keeldus vabandamast tapetud USA kodanike Renee Goodi ja <a rel=\"noopener nofollow\" target=\"_blank\" href=\"https:\/\/www.delfi.ee\/teema\/96882599\/alex-pretti\" tag-id=\"96882599\">Alex Pretti<\/a> \u201esiseterroristideks\u201c nimetamise eest, kuigi tunnistas, et nende surmade uurimine j\u00e4tkub.<\/p>\n<p>Kuidas see lugu Sind end tundma pani? Saada <a href=\"https:\/\/www.delfi.ee\/artikkel\/120440553\/trump-vallandas-kristi-noemi-sisejulgeolekuministri-ametist\/kommentaarid\" class=\"article-body-bottom__comment article-body-bottom__comment--write button button--primary button--size-auto\" rel=\"nofollow noopener\" target=\"_blank\"> Kommenteeri <\/a><a href=\"https:\/\/www.delfi.ee\/artikkel\/120440553\/trump-vallandas-kristi-noemi-sisejulgeolekuministri-ametist\/kommentaarid\" class=\"article-body-bottom__comment article-body-bottom__comment--read button button--size-auto\" rel=\"nofollow noopener\" target=\"_blank\"> Loe kommentaare (8)<\/a><\/p>\n","protected":false},"excerpt":{"rendered":"Trump teatas, et on valinud Noemi asendajaks raevukalt lojaalse esimese ametiaja senaatori Markwayne Mullini, vahendab NBC News. \u201eMul&hellip;\n","protected":false},"author":2,"featured_media":122292,"comment_status":"","ping_status":"","sticky":false,"template":"","format":"standard","meta":{"footnotes":"","_share_on_mastodon":"0"},"categories":[80],"tags":[45511,26,27,324,37,33,35,34,36,31,32,21,5093,28,29,95,9302,28885,19,25,40539,23,24,22,325,20,1177,30,92,93,94],"class_list":["post-122291","post","type-post","status-publish","format-standard","has-post-thumbnail","category-maailm","tag-alex-pretti","tag-breaking-news","tag-breakingnews","tag-donald-trump","tag-ee","tag-eesti","tag-eesti-keel","tag-estonia","tag-estonian","tag-featured-news","tag-featurednews","tag-headlines","tag-kristi-noem","tag-latest-news","tag-latestnews","tag-maailm","tag-minneapolis","tag-minnesota","tag-news","tag-populaarseimad-lood","tag-renee-nicole-good","tag-top-stories","tag-topstories","tag-uldised-uudised","tag-usa","tag-uudised","tag-valge-maja-usa","tag-viimased-uudised","tag-world","tag-world-news","tag-worldnews"],"share_on_mastodon":{"url":"https:\/\/pubeurope.com\/@ee\/116181113558683017","error":""},"_links":{"self":[{"href":"https:\/\/www.europesays.com\/ee\/wp-json\/wp\/v2\/posts\/122291","targetHints":{"allow":["GET"]}}],"collection":[{"href":"https:\/\/www.europesays.com\/ee\/wp-json\/wp\/v2\/posts"}],"about":[{"href":"https:\/\/www.europesays.com\/ee\/wp-json\/wp\/v2\/types\/post"}],"author":[{"embeddable":true,"href":"https:\/\/www.europesays.com\/ee\/wp-json\/wp\/v2\/users\/2"}],"replies":[{"embeddable":true,"href":"https:\/\/www.europesays.com\/ee\/wp-json\/wp\/v2\/comments?post=122291"}],"version-history":[{"count":0,"href":"https:\/\/www.europesays.com\/ee\/wp-json\/wp\/v2\/posts\/122291\/revisions"}],"wp:featuredmedia":[{"embeddable":true,"href":"https:\/\/www.europesays.com\/ee\/wp-json\/wp\/v2\/media\/122292"}],"wp:attachment":[{"href":"https:\/\/www.europesays.com\/ee\/wp-json\/wp\/v2\/media?parent=122291"}],"wp:term":[{"taxonomy":"category","embeddable":true,"href":"https:\/\/www.europesays.com\/ee\/wp-json\/wp\/v2\/categories?post=122291"},{"taxonomy":"post_tag","embeddable":true,"href":"https:\/\/www.europesays.com\/ee\/wp-json\/wp\/v2\/tags?post=122291"}],"curies":[{"name":"wp","href":"https:\/\/api.w.org\/{rel}","templated":true}]}}