{"id":122333,"date":"2026-03-06T08:58:08","date_gmt":"2026-03-06T08:58:08","guid":{"rendered":"https:\/\/www.europesays.com\/ee\/122333\/"},"modified":"2026-03-06T08:58:08","modified_gmt":"2026-03-06T08:58:08","slug":"f1-hooaja-esimesel-vabatreeningul-naitasid-tempot-ferrari-mehed-teisel-oli-kiireim-piastri","status":"publish","type":"post","link":"https:\/\/www.europesays.com\/ee\/122333\/","title":{"rendered":"F1 hooaja esimesel vabatreeningul n\u00e4itasid tempot Ferrari mehed, teisel oli kiireim Piastri"},"content":{"rendered":"<p>Leclerc sai parimal l\u00e4bimisel ajaks 1.20,267. Hamilton kaotas talle 0,469 sekundiga. Neile j\u00e4rgnesid Red Bulli piloodid <a rel=\"noopener nofollow\" target=\"_blank\" href=\"https:\/\/www.delfi.ee\/teema\/69592383\/max-verstappen\" tag-id=\"69592383\">Max Verstappen<\/a> (+0,522) ja Isack Hadjar (+0,820). Esikuuikusse mahtusid veel Arvid Lindblad (Racing Bulls; +1,046) ja <a rel=\"noopener nofollow\" target=\"_blank\" href=\"https:\/\/www.delfi.ee\/teema\/96844236\/oscar-piastri\" tag-id=\"96844236\">Oscar Piastri<\/a> (<a rel=\"noopener nofollow\" target=\"_blank\" href=\"https:\/\/www.delfi.ee\/teema\/22741481\/mclaren\" tag-id=\"22741481\">McLaren<\/a>; +1,075).<\/p>\n<p>Teisel vabatreeningul oli vahed v\u00e4ikseimad, kiireim oli Piastri ajaga 1.19,729. Esikolmikusse mahtusid ka Mercedese mehed Kimi Antonelli (+0,214) ja <a rel=\"noopener nofollow\" target=\"_blank\" href=\"https:\/\/www.delfi.ee\/teema\/89920371\/george-russell\" tag-id=\"89920371\">George Russell<\/a> (+0,320). Hamilton oli neljas, Leclerc viies ja Verstappen kuues.<\/p>\n<p>Vabatreeningute ajal olid mitmed s\u00f5itjad Melbourne\u2019i ringrajal raskustes asfaltil p\u00fcsimisega ning k\u00e4isid kruusal lisa v\u00f5tmas. Verstappeni stiilin\u00e4ide:<\/p>\n<p>Austraalia GP kolmas vabatreening on kavas Eesti aja j\u00e4rgi \u00f6\u00f6l vastu laup\u00e4eva, kvalifikatsioon algab hommikul kell 7. P\u00f5his\u00f5it on kavas p\u00fchap\u00e4eva hommikul kell 6.<\/p>\n<p>Esmasp\u00e4eva \u00f5htul salvestame ka uue \u201eRingiga ees\u201c saate. K\u00fcsimusi saab saata aadressile: ringigaees@delfi.ee<\/p>\n<p><a href=\"http:\/\/sport.delfi.ee\/artikkel\/120438890\/f1-hooaja-suur-eelvaade-kas-ferrari-on-toesti-favoriit-ja-mis-toimub-aston-martinis#dalrel-in-article\" class=\"content-embedded-articles-single__embedded-article\" data-v-469265ed=\"\" rel=\"nofollow noopener\" target=\"_blank\"><\/p>\n<p> 26.02.2026 <\/p>\n<p> F1 hooaja suur eelvaade. Kas Ferrari on t\u00f5esti favoriit ja mis toimub Aston Martinis?  (1) <\/p>\n<p><\/a>Kuidas see lugu Sind end tundma pani? Saada <a href=\"https:\/\/sport.delfi.ee\/artikkel\/120440552\/f1-hooaja-esimesel-vabatreeningul-naitasid-tempot-ferrari-mehed-teisel-oli-kiireim-piastri\/kommentaarid\" class=\"article-body-bottom__comment article-body-bottom__comment--write button button--primary button--size-auto\" rel=\"nofollow noopener\" target=\"_blank\"> Kommenteeri <\/a><a href=\"https:\/\/sport.delfi.ee\/artikkel\/120440552\/f1-hooaja-esimesel-vabatreeningul-naitasid-tempot-ferrari-mehed-teisel-oli-kiireim-piastri\/kommentaarid\" class=\"article-body-bottom__comment article-body-bottom__comment--read button button--size-auto\" rel=\"nofollow noopener\" target=\"_blank\"> Loe kommentaare (2)<\/a><\/p>\n","protected":false},"excerpt":{"rendered":"Leclerc sai parimal l\u00e4bimisel ajaks 1.20,267. Hamilton kaotas talle 0,469 sekundiga. Neile j\u00e4rgnesid Red Bulli piloodid Max Verstappen&hellip;\n","protected":false},"author":2,"featured_media":122334,"comment_status":"","ping_status":"","sticky":false,"template":"","format":"standard","meta":{"footnotes":"","_share_on_mastodon":"0"},"categories":[18],"tags":[4488,37,33,35,34,36,7596,1956,1573,586,1574,1579,159,158],"class_list":["post-122333","post","type-post","status-publish","format-standard","has-post-thumbnail","category-sport","tag-charles-leclerc","tag-ee","tag-eesti","tag-eesti-keel","tag-estonia","tag-estonian","tag-ferrari","tag-george-russell","tag-lewis-hamilton","tag-max-verstappen","tag-mclaren","tag-oscar-piastri","tag-sport","tag-sports"],"share_on_mastodon":{"url":"https:\/\/pubeurope.com\/@ee\/116181408349437885","error":""},"_links":{"self":[{"href":"https:\/\/www.europesays.com\/ee\/wp-json\/wp\/v2\/posts\/122333","targetHints":{"allow":["GET"]}}],"collection":[{"href":"https:\/\/www.europesays.com\/ee\/wp-json\/wp\/v2\/posts"}],"about":[{"href":"https:\/\/www.europesays.com\/ee\/wp-json\/wp\/v2\/types\/post"}],"author":[{"embeddable":true,"href":"https:\/\/www.europesays.com\/ee\/wp-json\/wp\/v2\/users\/2"}],"replies":[{"embeddable":true,"href":"https:\/\/www.europesays.com\/ee\/wp-json\/wp\/v2\/comments?post=122333"}],"version-history":[{"count":0,"href":"https:\/\/www.europesays.com\/ee\/wp-json\/wp\/v2\/posts\/122333\/revisions"}],"wp:featuredmedia":[{"embeddable":true,"href":"https:\/\/www.europesays.com\/ee\/wp-json\/wp\/v2\/media\/122334"}],"wp:attachment":[{"href":"https:\/\/www.europesays.com\/ee\/wp-json\/wp\/v2\/media?parent=122333"}],"wp:term":[{"taxonomy":"category","embeddable":true,"href":"https:\/\/www.europesays.com\/ee\/wp-json\/wp\/v2\/categories?post=122333"},{"taxonomy":"post_tag","embeddable":true,"href":"https:\/\/www.europesays.com\/ee\/wp-json\/wp\/v2\/tags?post=122333"}],"curies":[{"name":"wp","href":"https:\/\/api.w.org\/{rel}","templated":true}]}}