{"id":122372,"date":"2026-03-06T09:53:06","date_gmt":"2026-03-06T09:53:06","guid":{"rendered":"https:\/\/www.europesays.com\/ee\/122372\/"},"modified":"2026-03-06T09:53:06","modified_gmt":"2026-03-06T09:53:06","slug":"f1-soitjad-kohanesid-esimestel-treeningutel-uute-mootoritega-vormelisport","status":"publish","type":"post","link":"https:\/\/www.europesays.com\/ee\/122372\/","title":{"rendered":"F1 s\u00f5itjad kohanesid esimestel treeningutel uute mootoritega | Vormelisport"},"content":{"rendered":"<p>Vormel-1 maailmameistriv\u00f5istluste sarja hooaja avaetapil Austraalias on peetud kaks esimest vabatreeningut.<\/p>\n<p>Albert Parki ringrajal peetava v\u00f5istlusel esimesel treeningul n\u00e4itasid parimat minekut Ferrari piloodid: kiireim oli Charles Leclerc (1.20,267) ja teine Lewis Hamilton (+0,469). Neile j\u00e4rgnesid Red Bulli s\u00f5itjad Max Verstappen (+0,522) ja Isack Hadjar (+0,820).<\/p>\n<p>McLareni pilootidest oli parim kuuenda aja v\u00e4lja s\u00f5itnud Oscar Piastri (+1,075), kuid valitsev maailmameister Lando Norris tegi vaid seitse ringi ja kaotas Leclercile enam kui nelja sekundiga. Britt kurtis meeskonnale, et k\u00e4ikude alla vahetamine ei toiminud.<\/p>\n<p>Teisel treeningul olid j\u00f5ujooned aga teistsugused: n\u00fc\u00fcd n\u00e4itas parimat minekut Piastri (1.19,729), kellele j\u00e4rgnesid Mercedese piloodid Kimi Antonelli (+0,214) ja George Russell (+0,320). Hamilton ja Leclerc olid neljas ja viies (vastavalt +0,321 ja +0,562). Norris (+1,065) n\u00e4itas Verstappeni (+0,637) j\u00e4rel seitsmendat aega.<\/p>\n<p>Seejuures aegade v\u00f5rdluses esikolmikusse murdnud Russell p\u00f5rkas garaa\u017eist v\u00e4lja s\u00f5ites kokku 18-aastase Arvid Lindbladiga, kes on Racing Bullsi meeskonna uustulnuk. Sestap vajas tema vormel p\u00e4rast intsidenti ka v\u00e4ikseid parandust\u00f6id.<\/p>\n<blockquote class=\"twitter-tweet\" data-media-max-width=\"560\">\n<p lang=\"en\" dir=\"ltr\">Not the way Russell or Lindblad wanted to start FP2! <\/p>\n<p>Here&#8217;s the moment between the pair in the pit lane <a href=\"https:\/\/twitter.com\/hashtag\/F1?src=hash&amp;ref_src=twsrc%5Etfw\" rel=\"nofollow noopener\" target=\"_blank\">#F1<\/a> <a href=\"https:\/\/twitter.com\/hashtag\/AusGP?src=hash&amp;ref_src=twsrc%5Etfw\" rel=\"nofollow noopener\" target=\"_blank\">#AusGP<\/a> <a href=\"https:\/\/t.co\/5cgKP41xYb\" rel=\"nofollow\">pic.twitter.com\/5cgKP41xYb<\/a><\/p>\n<p>\u2014 Formula 1 (@F1) <a href=\"https:\/\/twitter.com\/F1\/status\/2029785815484666220?ref_src=twsrc%5Etfw\" rel=\"nofollow noopener\" target=\"_blank\">March 6, 2026<\/a><\/p><\/blockquote>\n<p>T\u00e4navusel hooajal tuleb s\u00f5itjatel kohaneda uute h\u00fcbriidmootoritega, kus elektrienergia osakaal on senisest palju suurem. See t\u00e4hendab, et sportlastel on energia kasutamise ja taastamise osas senisest suurem vastutus.<\/p>\n<blockquote class=\"twitter-tweet\">\n<p lang=\"en\" dir=\"ltr\">Checking in after the first hour of the weekend! <\/p>\n<p>Here&#8217;s your full classification from FP1 \u2b07\ufe0f<a href=\"https:\/\/twitter.com\/hashtag\/F1?src=hash&amp;ref_src=twsrc%5Etfw\" rel=\"nofollow noopener\" target=\"_blank\">#F1<\/a> <a href=\"https:\/\/twitter.com\/hashtag\/AusGP?src=hash&amp;ref_src=twsrc%5Etfw\" rel=\"nofollow noopener\" target=\"_blank\">#AusGP<\/a> <a href=\"https:\/\/t.co\/4hFGjLQCP3\" rel=\"nofollow\">pic.twitter.com\/4hFGjLQCP3<\/a><\/p>\n<p>\u2014 Formula 1 (@F1) <a href=\"https:\/\/twitter.com\/F1\/status\/2029751718070653009?ref_src=twsrc%5Etfw\" rel=\"nofollow noopener\" target=\"_blank\">March 6, 2026<\/a><\/p><\/blockquote>\n<blockquote class=\"twitter-tweet\">\n<p lang=\"en\" dir=\"ltr\">Oscar Piastri leads the way from Kimi Antonelli and George Russell in second practice \u200d<\/p>\n<p>Here&#8217;s your full classification from FP2 \u2b07\ufe0f <a href=\"https:\/\/twitter.com\/hashtag\/F1?src=hash&amp;ref_src=twsrc%5Etfw\" rel=\"nofollow noopener\" target=\"_blank\">#F1<\/a> <a href=\"https:\/\/twitter.com\/hashtag\/AusGP?src=hash&amp;ref_src=twsrc%5Etfw\" rel=\"nofollow noopener\" target=\"_blank\">#AusGP<\/a> <a href=\"https:\/\/t.co\/HYKNKqkp9c\" rel=\"nofollow\">pic.twitter.com\/HYKNKqkp9c<\/a><\/p>\n<p>\u2014 Formula 1 (@F1) <a href=\"https:\/\/twitter.com\/F1\/status\/2029803574234853745?ref_src=twsrc%5Etfw\" rel=\"nofollow noopener\" target=\"_blank\">March 6, 2026<\/a><\/p><\/blockquote>\n<p><script async src=\"https:\/\/platform.twitter.com\/widgets.js\" charset=\"utf-8\"><\/script><\/p>\n","protected":false},"excerpt":{"rendered":"Vormel-1 maailmameistriv\u00f5istluste sarja hooaja avaetapil Austraalias on peetud kaks esimest vabatreeningut. Albert Parki ringrajal peetava v\u00f5istlusel esimesel treeningul&hellip;\n","protected":false},"author":2,"featured_media":122373,"comment_status":"","ping_status":"","sticky":false,"template":"","format":"standard","meta":{"footnotes":"","_share_on_mastodon":"0"},"categories":[18],"tags":[56593,4488,37,33,35,34,36,56594,1579,159,158],"class_list":["post-122372","post","type-post","status-publish","format-standard","has-post-thumbnail","category-sport","tag-austraalia-gp","tag-charles-leclerc","tag-ee","tag-eesti","tag-eesti-keel","tag-estonia","tag-estonian","tag-mootorid","tag-oscar-piastri","tag-sport","tag-sports"],"share_on_mastodon":{"url":"https:\/\/pubeurope.com\/@ee\/116181624670641787","error":""},"_links":{"self":[{"href":"https:\/\/www.europesays.com\/ee\/wp-json\/wp\/v2\/posts\/122372","targetHints":{"allow":["GET"]}}],"collection":[{"href":"https:\/\/www.europesays.com\/ee\/wp-json\/wp\/v2\/posts"}],"about":[{"href":"https:\/\/www.europesays.com\/ee\/wp-json\/wp\/v2\/types\/post"}],"author":[{"embeddable":true,"href":"https:\/\/www.europesays.com\/ee\/wp-json\/wp\/v2\/users\/2"}],"replies":[{"embeddable":true,"href":"https:\/\/www.europesays.com\/ee\/wp-json\/wp\/v2\/comments?post=122372"}],"version-history":[{"count":0,"href":"https:\/\/www.europesays.com\/ee\/wp-json\/wp\/v2\/posts\/122372\/revisions"}],"wp:featuredmedia":[{"embeddable":true,"href":"https:\/\/www.europesays.com\/ee\/wp-json\/wp\/v2\/media\/122373"}],"wp:attachment":[{"href":"https:\/\/www.europesays.com\/ee\/wp-json\/wp\/v2\/media?parent=122372"}],"wp:term":[{"taxonomy":"category","embeddable":true,"href":"https:\/\/www.europesays.com\/ee\/wp-json\/wp\/v2\/categories?post=122372"},{"taxonomy":"post_tag","embeddable":true,"href":"https:\/\/www.europesays.com\/ee\/wp-json\/wp\/v2\/tags?post=122372"}],"curies":[{"name":"wp","href":"https:\/\/api.w.org\/{rel}","templated":true}]}}