{"id":122428,"date":"2026-03-06T11:03:28","date_gmt":"2026-03-06T11:03:28","guid":{"rendered":"https:\/\/www.europesays.com\/ee\/122428\/"},"modified":"2026-03-06T11:03:28","modified_gmt":"2026-03-06T11:03:28","slug":"susteemne-viga-tartu-ulikooli-kliinikum-esitas-patsientide-transpordi-eest-topeltarveid","status":"publish","type":"post","link":"https:\/\/www.europesays.com\/ee\/122428\/","title":{"rendered":"S\u00fcsteemne viga: Tartu \u00fclikooli kliinikum esitas patsientide transpordi eest topeltarveid"},"content":{"rendered":"<p>Delfi tuvastas uurimise k\u00e4igus arvetega seotud vastuolud nii \u00fcksikute jaanuari- ja veebruarip\u00e4evade kui ka terve detsembri arvete puhul, mille T\u00dcK on tervisekassale esitanud. Esitatud arvete j\u00e4rgi ei toimunud terve kuu jooksul \u00fchtegi s\u00f5itu, kus oleks olnud v\u00e4hemalt kaks patsienti. Tegelikkus on aga midagi muud.<\/p>\n<p>Kui kliinikum algul hoidus vastuste andmisest, siis p\u00e4rast Delfi kontrollk\u00fcsimusi konkreetsete p\u00e4evade s\u00f5itude kohta tunnistas haigla, et nende arvete esitamise s\u00fcsteemis on viga ja patsientide veo eest on esitatud nii topeltarveid kui ka valesti kodeeritud arveid. Kliinikum tunnistas, et kulude kokkuhoiu nimel on nad vedanud eri kliinikute patsiente koos ja pole suutnud v\u00e4listada topeltarvete esitamist nende s\u00f5itude eest. <\/p>\n<p>Oled juba tellija?Logi sisse<\/p>\n<p><a href=\"https:\/\/www.delfi.ee\/artikkel\/120439856\/videod-susteemne-viga-tartu-ulikooli-kliinikum-esitas-patsientide-transpordi-eest-topeltarveid\/kommentaarid\" class=\"article-body-bottom__comment article-body-bottom__comment--write button button--primary button--size-auto\" rel=\"nofollow noopener\" target=\"_blank\"> Kommenteeri <\/a><a href=\"https:\/\/www.delfi.ee\/artikkel\/120439856\/videod-susteemne-viga-tartu-ulikooli-kliinikum-esitas-patsientide-transpordi-eest-topeltarveid\/kommentaarid\" class=\"article-body-bottom__comment article-body-bottom__comment--read button button--size-auto\" rel=\"nofollow noopener\" target=\"_blank\"> Loe kommentaare (50)<\/a><\/p>\n","protected":false},"excerpt":{"rendered":"Delfi tuvastas uurimise k\u00e4igus arvetega seotud vastuolud nii \u00fcksikute jaanuari- ja veebruarip\u00e4evade kui ka terve detsembri arvete puhul,&hellip;\n","protected":false},"author":2,"featured_media":122429,"comment_status":"","ping_status":"","sticky":false,"template":"","format":"standard","meta":{"footnotes":"","_share_on_mastodon":"0"},"categories":[5],"tags":[26,27,37,33,35,34,36,31,32,21,28,29,19,13521,25,3827,512,23,24,22,20,30],"class_list":["post-122428","post","type-post","status-publish","format-standard","has-post-thumbnail","category-uldised-uudised","tag-breaking-news","tag-breakingnews","tag-ee","tag-eesti","tag-eesti-keel","tag-estonia","tag-estonian","tag-featured-news","tag-featurednews","tag-headlines","tag-latest-news","tag-latestnews","tag-news","tag-patsient","tag-populaarseimad-lood","tag-tartu-ulikooli-kliinikum","tag-tervisekassa","tag-top-stories","tag-topstories","tag-uldised-uudised","tag-uudised","tag-viimased-uudised"],"share_on_mastodon":{"url":"https:\/\/pubeurope.com\/@ee\/116181899949215719","error":""},"_links":{"self":[{"href":"https:\/\/www.europesays.com\/ee\/wp-json\/wp\/v2\/posts\/122428","targetHints":{"allow":["GET"]}}],"collection":[{"href":"https:\/\/www.europesays.com\/ee\/wp-json\/wp\/v2\/posts"}],"about":[{"href":"https:\/\/www.europesays.com\/ee\/wp-json\/wp\/v2\/types\/post"}],"author":[{"embeddable":true,"href":"https:\/\/www.europesays.com\/ee\/wp-json\/wp\/v2\/users\/2"}],"replies":[{"embeddable":true,"href":"https:\/\/www.europesays.com\/ee\/wp-json\/wp\/v2\/comments?post=122428"}],"version-history":[{"count":0,"href":"https:\/\/www.europesays.com\/ee\/wp-json\/wp\/v2\/posts\/122428\/revisions"}],"wp:featuredmedia":[{"embeddable":true,"href":"https:\/\/www.europesays.com\/ee\/wp-json\/wp\/v2\/media\/122429"}],"wp:attachment":[{"href":"https:\/\/www.europesays.com\/ee\/wp-json\/wp\/v2\/media?parent=122428"}],"wp:term":[{"taxonomy":"category","embeddable":true,"href":"https:\/\/www.europesays.com\/ee\/wp-json\/wp\/v2\/categories?post=122428"},{"taxonomy":"post_tag","embeddable":true,"href":"https:\/\/www.europesays.com\/ee\/wp-json\/wp\/v2\/tags?post=122428"}],"curies":[{"name":"wp","href":"https:\/\/api.w.org\/{rel}","templated":true}]}}