{"id":122507,"date":"2026-03-06T12:52:07","date_gmt":"2026-03-06T12:52:07","guid":{"rendered":"https:\/\/www.europesays.com\/ee\/122507\/"},"modified":"2026-03-06T12:52:07","modified_gmt":"2026-03-06T12:52:07","slug":"apollo-investeerib-soome-30-miljonit-eurot","status":"publish","type":"post","link":"https:\/\/www.europesays.com\/ee\/122507\/","title":{"rendered":"Apollo investeerib Soome 30 miljonit eurot"},"content":{"rendered":"<p>\u201eKui praegu moodustab Soome \u00e4ri grupi m\u00fc\u00fcgitulust 6 protsenti, siis m\u00f5ne aasta p\u00e4rast v\u00f5iks see olla viiendik. Selleks soovime lisaks olemasolevale kaheksale restoranile avada veel suurusj\u00e4rk 20 restorani, lisaks KFC-le ka Lido ja Vapiano restorane,\u201c m\u00e4rkis Apollo Groupi juht Toomas Tiivel. <\/p>\n<p>\u201eLaienemise kiirendamiseks kaasame v\u00f5lakirjaemissiooni kaudu t\u00e4iendavat raha, see v\u00f5imaldab meil tugevdada meie positsioone eri riikides, arendada olemasolevaid ja uusi kontseptsioone ning kasvatada asukohtade arvu Baltimaades ja Soomes ligikaudu kahekordseks 170 \u00fcksuselt 300ni,\u201c t\u00e4hendas Tiivel.  <\/p>\n<p>Apollo Groupi 2024\/25 majandusaasta konsolideeritud m\u00fc\u00fcgitulu oli 227 miljonit eurot, kasvades eelmise majandusaastaga v\u00f5rreldes 6% ehk 14 miljoni euro v\u00f5rra. Grupi konsolideeritud kasum enne amortisatsioonikulu ja intressitulu\/-kulu (EBITDA) oli 40 miljonit eurot, suurenedes aastaga 12%.<\/p>\n<p>Apollo Group on asutatud 2000. aastal. Gruppi kuuluvad nagu br\u00e4ndid Apollo Kino, Apollo raamatupood, Blender, Ice Cafe, Vapiano, KFC, Lido, MySushi, CanCan ja Delano.<\/p>\n<p>Kuidas see lugu Sind end tundma pani? Saada <a href=\"https:\/\/arileht.delfi.ee\/a\/120440616\/apollo-investeerib-soome-30-miljonit-eurot\/kommentaarid\" class=\"article-body-bottom__comment article-body-bottom__comment--write button button--primary button--size-auto\" rel=\"nofollow noopener\" target=\"_blank\"> Kommenteeri <\/a><a href=\"https:\/\/arileht.delfi.ee\/a\/120440616\/apollo-investeerib-soome-30-miljonit-eurot\/kommentaarid\" class=\"article-body-bottom__comment article-body-bottom__comment--read button button--size-auto\" rel=\"nofollow noopener\" target=\"_blank\"> Loe kommentaare (1)<\/a><\/p>\n","protected":false},"excerpt":{"rendered":"\u201eKui praegu moodustab Soome \u00e4ri grupi m\u00fc\u00fcgitulust 6 protsenti, siis m\u00f5ne aasta p\u00e4rast v\u00f5iks see olla viiendik. Selleks&hellip;\n","protected":false},"author":2,"featured_media":122508,"comment_status":"","ping_status":"","sticky":false,"template":"","format":"standard","meta":{"footnotes":"","_share_on_mastodon":"0"},"categories":[12],"tags":[56646,26,27,37,33,35,34,36,31,32,21,780,28,29,56647,19,25,23,24,22,20,30],"class_list":["post-122507","post","type-post","status-publish","format-standard","has-post-thumbnail","category-eesti","tag-apollo-grupp","tag-breaking-news","tag-breakingnews","tag-ee","tag-eesti","tag-eesti-keel","tag-estonia","tag-estonian","tag-featured-news","tag-featurednews","tag-headlines","tag-investeerimine","tag-latest-news","tag-latestnews","tag-miljonid","tag-news","tag-populaarseimad-lood","tag-top-stories","tag-topstories","tag-uldised-uudised","tag-uudised","tag-viimased-uudised"],"share_on_mastodon":{"url":"https:\/\/pubeurope.com\/@ee\/116182328720487804","error":""},"_links":{"self":[{"href":"https:\/\/www.europesays.com\/ee\/wp-json\/wp\/v2\/posts\/122507","targetHints":{"allow":["GET"]}}],"collection":[{"href":"https:\/\/www.europesays.com\/ee\/wp-json\/wp\/v2\/posts"}],"about":[{"href":"https:\/\/www.europesays.com\/ee\/wp-json\/wp\/v2\/types\/post"}],"author":[{"embeddable":true,"href":"https:\/\/www.europesays.com\/ee\/wp-json\/wp\/v2\/users\/2"}],"replies":[{"embeddable":true,"href":"https:\/\/www.europesays.com\/ee\/wp-json\/wp\/v2\/comments?post=122507"}],"version-history":[{"count":0,"href":"https:\/\/www.europesays.com\/ee\/wp-json\/wp\/v2\/posts\/122507\/revisions"}],"wp:featuredmedia":[{"embeddable":true,"href":"https:\/\/www.europesays.com\/ee\/wp-json\/wp\/v2\/media\/122508"}],"wp:attachment":[{"href":"https:\/\/www.europesays.com\/ee\/wp-json\/wp\/v2\/media?parent=122507"}],"wp:term":[{"taxonomy":"category","embeddable":true,"href":"https:\/\/www.europesays.com\/ee\/wp-json\/wp\/v2\/categories?post=122507"},{"taxonomy":"post_tag","embeddable":true,"href":"https:\/\/www.europesays.com\/ee\/wp-json\/wp\/v2\/tags?post=122507"}],"curies":[{"name":"wp","href":"https:\/\/api.w.org\/{rel}","templated":true}]}}