{"id":122674,"date":"2026-03-06T17:06:13","date_gmt":"2026-03-06T17:06:13","guid":{"rendered":"https:\/\/www.europesays.com\/ee\/122674\/"},"modified":"2026-03-06T17:06:13","modified_gmt":"2026-03-06T17:06:13","slug":"mullu-neli-korda-tiimi-alt-vedanud-kaardimagnet-epton-austan-kohtunike-otsuseid-soccernet-ee","status":"publish","type":"post","link":"https:\/\/www.europesays.com\/ee\/122674\/","title":{"rendered":"Mullu neli korda tiimi alt vedanud kaardimagnet Epton: austan kohtunike otsuseid &#8211; Soccernet.ee"},"content":{"rendered":"<p><img decoding=\"async\" src=\"https:\/\/www.europesays.com\/ee\/wp-content\/uploads\/2026\/03\/1758057822.jpg\" alt=\"Mullu sai David Epton suisa neli punast kaarti. Foto: Imre P\u00fchvel\"\/>&#13;\n<\/p>\n<p>Kaks hooaega Premium liigas pallinud Tartu Tammeka poolkaitsja David Epton on m\u00f5lemal aastal hoidnud kindlat joont \u2014 36 vooru j\u00e4rel on tal kirjas 12 kaarti. Keskv\u00e4ljamees kinnitas Soccernet.ee-le, et t\u00e4navu p\u00fc\u00fcab ta seda n\u00e4itajat muuta.<\/p>\n<ul>&#13;<\/p>\n<li>Vaata Imre P\u00fchvli fotogaleriid Tammeka hooaja ava\u00fcritusest artikli l\u00f5pust!<\/li>\n<p>&#13;\n<\/ul>\n<p>Epton saabus Tartusse 2024 m\u00e4rtsis. Toonasest 18-aastasest ghanalasest sai Tammekas kohe alguses p\u00f5him\u00e4ngija. Kuna tegu on jalgpallikeeli number kuuega ehk kaitsva poolkaitsjaga, siis \u00fchtegi v\u00e4ravat pole ta Eestimaa pinnal t\u00e4naseni l\u00f6\u00f6nud. Aga see-eest on tal ette n\u00e4idata 12 kaarti \u00fcleeelmisest ja eelmisest hooajast. Kui 2024 sai ta 11 kollast ja \u00fche punase, siis mullu olid need numbrid vastavalt kaheksa ja neli.&#13;\n<\/p>\n<p>Tammeka hooaja ava\u00fcritusel siinkirjutajaga vestelnud Epton r\u00e4\u00e4kis, et \u00fchest k\u00fcljest on suur kaartide hulk osa tema t\u00f6\u00f6\u00fclesannetest l\u00f5hkuva keskv\u00e4ljamehena, ent ta m\u00f6\u00f6nis, et neid on kahe hooaja peale natukene liiga palju kogunenud.<\/p>\n<p>&#8220;Tundsin end kogu aeg halvasti, kui ma sain punase kaardi, sest ma vedasin meeskonda alt. Tunnen, et algaval hooajal on mul palju asju, mida paremini teha. N\u00e4en v\u00e4ga palju vaeva, et oma taklamisi paremini ajastada,&#8221; m\u00e4rkis kolmandat aastat Eestis palliv Epton. &#8220;Olen veendunud, et teen t\u00e4navu paremad esitused kui mullu. Kavatsen anda rohkem v\u00e4ravas\u00f6\u00f6te, ja mine tea, \u00e4kki \u00f5nnestub mul ka m\u00f5ni v\u00e4rav l\u00fc\u00fca.&#8221;&#13;\n<\/p>\n<p>Kas kohtunikud v\u00f5isid kohati liiga teha ja anda kaardi liiga kergesti? &#8220;Ma pean kohtunike otsuseid austama,&#8221; kostis Epton seepeale.&#13;\n<\/p>\n<p>&#8220;Oleme uueks hooajaks v\u00e4ga h\u00e4sti valmis. Peame Tammeka eest v\u00f5itlema ja samal ajal parimat lootma. Ma ei taha hooaja eel ennustuda, mis kohal me l\u00f5petame. Pigem n\u00e4itame vutiv\u00e4ljakul, milleks me v\u00f5imelised oleme,&#8221; s\u00f5nas Epton, kes ootab v\u00f5istlusm\u00e4nge pikisilmi.&#13;\n<\/p>\n<p>Eelmisel aastal kaheksandal kohal l\u00f5petanud Tammeka alustab uut hooaega p\u00fchap\u00e4eval, v\u00f5\u00f5rustades Coop kunstmuruv\u00e4ljakul eelmise aasta pronksmedalisti N\u00f5mme Kaljut. Soccernet TV n\u00e4itab kell 14.30 algavat kohtumist otsepildis.<\/p>\n","protected":false},"excerpt":{"rendered":"&#13; Kaks hooaega Premium liigas pallinud Tartu Tammeka poolkaitsja David Epton on m\u00f5lemal aastal hoidnud kindlat joont \u2014&hellip;\n","protected":false},"author":2,"featured_media":122675,"comment_status":"","ping_status":"","sticky":false,"template":"","format":"standard","meta":{"footnotes":"","_share_on_mastodon":"0"},"categories":[18],"tags":[12840,37,33,35,3473,34,36,167,159,158,701,702],"class_list":["post-122674","post","type-post","status-publish","format-standard","has-post-thumbnail","category-sport","tag-david-epton","tag-ee","tag-eesti","tag-eesti-keel","tag-epton","tag-estonia","tag-estonian","tag-premium-liiga","tag-sport","tag-sports","tag-tammeka","tag-tartu-tammeka"],"share_on_mastodon":{"url":"https:\/\/pubeurope.com\/@ee\/116183327279604571","error":""},"_links":{"self":[{"href":"https:\/\/www.europesays.com\/ee\/wp-json\/wp\/v2\/posts\/122674","targetHints":{"allow":["GET"]}}],"collection":[{"href":"https:\/\/www.europesays.com\/ee\/wp-json\/wp\/v2\/posts"}],"about":[{"href":"https:\/\/www.europesays.com\/ee\/wp-json\/wp\/v2\/types\/post"}],"author":[{"embeddable":true,"href":"https:\/\/www.europesays.com\/ee\/wp-json\/wp\/v2\/users\/2"}],"replies":[{"embeddable":true,"href":"https:\/\/www.europesays.com\/ee\/wp-json\/wp\/v2\/comments?post=122674"}],"version-history":[{"count":0,"href":"https:\/\/www.europesays.com\/ee\/wp-json\/wp\/v2\/posts\/122674\/revisions"}],"wp:featuredmedia":[{"embeddable":true,"href":"https:\/\/www.europesays.com\/ee\/wp-json\/wp\/v2\/media\/122675"}],"wp:attachment":[{"href":"https:\/\/www.europesays.com\/ee\/wp-json\/wp\/v2\/media?parent=122674"}],"wp:term":[{"taxonomy":"category","embeddable":true,"href":"https:\/\/www.europesays.com\/ee\/wp-json\/wp\/v2\/categories?post=122674"},{"taxonomy":"post_tag","embeddable":true,"href":"https:\/\/www.europesays.com\/ee\/wp-json\/wp\/v2\/tags?post=122674"}],"curies":[{"name":"wp","href":"https:\/\/api.w.org\/{rel}","templated":true}]}}