{"id":122691,"date":"2026-03-06T17:29:08","date_gmt":"2026-03-06T17:29:08","guid":{"rendered":"https:\/\/www.europesays.com\/ee\/122691\/"},"modified":"2026-03-06T17:29:08","modified_gmt":"2026-03-06T17:29:08","slug":"saksa-meediakontsern-ostab-briti-ajalehe-the-telegraph-valismaa","status":"publish","type":"post","link":"https:\/\/www.europesays.com\/ee\/122691\/","title":{"rendered":"Saksa meediakontsern ostab Briti ajalehe The Telegraph | V\u00e4lismaa"},"content":{"rendered":"<p>Saksamaa meediakontsern Axel Springer teatas reedel, et ostab Suurbritannia ajalehe The Telegraph.<\/p>\n<p>Axel Springer maksab The Telegraphi eest 575 miljonit naela ning sellega l\u00f5peb ajalehe kolmeaastane m\u00fc\u00fcgiprotsess. Tehingu k\u00e4igus l\u00e4heb \u00fcks Briti vanimaid ja m\u00f5jukamaid ajalehti Saksa kapitali k\u00e4tte.<\/p>\n<p>The Telegraphi ostmise vastu tundis huvi ka v\u00e4ljaanne Daily Mail. Viimastel p\u00e4evadel alustas aga Axel Springer l\u00e4bir\u00e4\u00e4kimisi RedBird IMI-ga, mis kontrollib The Telegraphi.\u00a0<\/p>\n<p>\u00dcks asjaga kursis olev inimene \u00fctles, et Axel Springer tegutses kiiresti ja suutis k\u00f5igest kolme p\u00e4evaga k\u00f5nelused l\u00f5pule viia, vahendas <a href=\"https:\/\/www.ft.com\/content\/e5cb6481-3dd7-4907-b3d4-919227423678\" target=\"_blank\" rel=\"noopener nofollow\">Financial Times<\/a>.<\/p>\n<p>1855. aastal asutatud The Telegraph toetas Brexitit ning on s\u00e4ilitanud oma arvamuslugudes\u00a0 euroskeptilise joone. Axel Springeri juht Mathias D\u00f6pfner on Euroopa-meelne, kuid ta on j\u00e4rjepidevalt kritiseerinud EL-i institutsioone.<\/p>\n<p>D\u00f6pfneri s\u00f5nul kattuvad The Telegraphi v\u00e4\u00e4rtused Axel Springeri omadega.\u00a0<\/p>\n<p>&#8220;Me toetame Iisraeli riigi \u00f5igust eksisteerida ja oleme vastu igasugusele antisemitismile. Me usume Euroopa ja USA liitu. Me toetame vabaturumajandust ning m\u00f5istame hukka igasuguse ekstremismi ja diskrimineerimise,&#8221; teatas D\u00f6pfner.<\/p>\n<p>Axel Springer tegutseb 40 riigis, kontserni kuuluvad ka Saksa suurim leht Bild, ajaleht Welt ja veebiv\u00e4ljaanne Politico.\u00a0<\/p>\n","protected":false},"excerpt":{"rendered":"Saksamaa meediakontsern Axel Springer teatas reedel, et ostab Suurbritannia ajalehe The Telegraph. Axel Springer maksab The Telegraphi eest&hellip;\n","protected":false},"author":2,"featured_media":122692,"comment_status":"","ping_status":"","sticky":false,"template":"","format":"standard","meta":{"footnotes":"","_share_on_mastodon":"0"},"categories":[14],"tags":[131,56761,130,37,33,35,34,36,51,660,46269],"class_list":["post-122691","post","type-post","status-publish","format-standard","has-post-thumbnail","category-ari","tag-ari","tag-axel-springer","tag-business","tag-ee","tag-eesti","tag-eesti-keel","tag-estonia","tag-estonian","tag-saksamaa","tag-suurbritannia","tag-telegraph"],"share_on_mastodon":{"url":"https:\/\/pubeurope.com\/@ee\/116183417762558001","error":""},"_links":{"self":[{"href":"https:\/\/www.europesays.com\/ee\/wp-json\/wp\/v2\/posts\/122691","targetHints":{"allow":["GET"]}}],"collection":[{"href":"https:\/\/www.europesays.com\/ee\/wp-json\/wp\/v2\/posts"}],"about":[{"href":"https:\/\/www.europesays.com\/ee\/wp-json\/wp\/v2\/types\/post"}],"author":[{"embeddable":true,"href":"https:\/\/www.europesays.com\/ee\/wp-json\/wp\/v2\/users\/2"}],"replies":[{"embeddable":true,"href":"https:\/\/www.europesays.com\/ee\/wp-json\/wp\/v2\/comments?post=122691"}],"version-history":[{"count":0,"href":"https:\/\/www.europesays.com\/ee\/wp-json\/wp\/v2\/posts\/122691\/revisions"}],"wp:featuredmedia":[{"embeddable":true,"href":"https:\/\/www.europesays.com\/ee\/wp-json\/wp\/v2\/media\/122692"}],"wp:attachment":[{"href":"https:\/\/www.europesays.com\/ee\/wp-json\/wp\/v2\/media?parent=122691"}],"wp:term":[{"taxonomy":"category","embeddable":true,"href":"https:\/\/www.europesays.com\/ee\/wp-json\/wp\/v2\/categories?post=122691"},{"taxonomy":"post_tag","embeddable":true,"href":"https:\/\/www.europesays.com\/ee\/wp-json\/wp\/v2\/tags?post=122691"}],"curies":[{"name":"wp","href":"https:\/\/api.w.org\/{rel}","templated":true}]}}