{"id":122771,"date":"2026-03-06T19:53:07","date_gmt":"2026-03-06T19:53:07","guid":{"rendered":"https:\/\/www.europesays.com\/ee\/122771\/"},"modified":"2026-03-06T19:53:07","modified_gmt":"2026-03-06T19:53:07","slug":"haigus-ei-anna-armu-ansambel-smilers-jatab-bandi-ninamehe-haigestumise-tottu-kontserdi-vahele","status":"publish","type":"post","link":"https:\/\/www.europesays.com\/ee\/122771\/","title":{"rendered":"Haigus ei anna armu! Ansambel Smilers j\u00e4tab b\u00e4ndi ninamehe haigestumise t\u00f5ttu kontserdi vahele"},"content":{"rendered":"<p>\u201eKahjuks oleme sunnitud Hendriku haigestumise t\u00f5ttu \u00e4ra j\u00e4tma t\u00e4nase kontserdi P\u00fcssirohukeldris. Meie asemel astuvad lavale head s\u00f5brad ansamblist Wiiralt. Uueks kontserdi toimumise kuup\u00e4evaks on 4. aprill. Vabandame!\u201c seisis Smilersi Facebooki postituses. <\/p>\n<p>Postituse alla j\u00e4ttis kommentaari ka ansambel Wiiralt. \u201eKiiret paranemist, vennas! \u00dcritame v\u00e4\u00e4rikalt t\u00e4ita vabariigi kuulsamaid saapaid ja parima live-b\u00e4ndi kohta.\u201c<\/p>\n<p>Tundub, et varakevadine haiguspuhang on Smilersi ninamehe <a rel=\"noopener nofollow\" target=\"_blank\" href=\"https:\/\/www.delfi.ee\/teema\/126\/hendrik-sal-saller\" tag-id=\"126\">Hendrik Sal-Salleri<\/a> (60) maha niitnud. Nimelt ei \u00f5nnestunud muusikul ka eile toimuma pidanud v\u00e4lja m\u00fc\u00fcdud kontserdil \u00fcles astuda. \u201eHead s\u00f5brad! Pean suure kahetsusega teatama, et t\u00e4nane kontsert-\u00f5htus\u00f6\u00f6k Chicago 1933s koos minu ja Erkoga j\u00e4\u00e4b minu haigestumise t\u00f5ttu \u00e4ra,\u201c seisis veidi enam kui viis tundi enne kontserti algust avaldatud Instagrami postituses.<\/p>\n<p>Kui P\u00fcssirohukelder leidis kiirelt asendajad, siis Chicago 1933s j\u00e4i kontsert-\u00f5htus\u00f6\u00f6k sootuks \u00e4ra. K\u00fcll aga kirjutas Sal-Saller, et korraldaja k\u00e4est saadud info p\u00f5hjal kehtivad k\u00f5ik soetatud piletid 9. aprillil toimuval kontsert-\u00f5htus\u00f6\u00f6gil. Chicago 1933 veebilehelt n\u00e4htub, et tol \u00f5htul musitseerib Sal-Saller taas samas majas. \u201eLisainfo annab korraldaja. Veelkord vabandused ebamugavuste p\u00e4rast,\u201c m\u00e4rkis Smilersi ninamees l\u00f5petuseks.<\/p>\n<p><a href=\"http:\/\/kroonika.delfi.ee\/artikkel\/120440428\/tana-chicago-1933-s-toimuma-pidanud-kontsert-ohtusook-hendrik-sal-salleriga-jaab-muusiku-ootamatu-haigestumise-tottu-ara#dalrel-in-article\" class=\"content-embedded-articles-single__embedded-article\" data-v-469265ed=\"\" rel=\"nofollow noopener\" target=\"_blank\"><\/p>\n<p> 05.03.2026 <\/p>\n<p> T\u00e4na Chicago 1933s toimuma pidanud kontsert-\u00f5htus\u00f6\u00f6k Hendrik Sal-Salleriga j\u00e4\u00e4b muusiku ootamatu haigestumise t\u00f5ttu \u00e4ra  (11) <\/p>\n<p><\/a><\/p>\n<p>Naistep\u00e4evan\u00e4dal on Sal-Sallerile ja Smilersile n\u00e4htavasti keskmisest kiirem periood. P\u00fchap\u00e4eval, 8. detsembril peaks ansambel \u00fcles astuma ka Paavli Kultuurivabrikus. Praegu pole korraldajad ega ansambel teatanud, et kontsert \u00e4ra j\u00e4\u00e4ks, seega on lootust, et selleks ajaks on Sal-Saller haiguse seljatanud ja ansambel saab plaanip\u00e4raselt publikut kostitada oma armastatud lauludega. <\/p>\n<p>Kuidas see lugu Sind end tundma pani? Saada <a href=\"https:\/\/kroonika.delfi.ee\/artikkel\/120440753\/haigus-ei-anna-armu-ansambel-smilers-jatab-bandi-ninamehe-haigestumise-tottu-kontserdi-vahele\/kommentaarid\" class=\"article-body-bottom__comment article-body-bottom__comment--write button button--primary button--size-auto\" rel=\"nofollow noopener\" target=\"_blank\"> Kommenteeri <\/a><a href=\"https:\/\/kroonika.delfi.ee\/artikkel\/120440753\/haigus-ei-anna-armu-ansambel-smilers-jatab-bandi-ninamehe-haigestumise-tottu-kontserdi-vahele\/kommentaarid\" class=\"article-body-bottom__comment article-body-bottom__comment--read button button--size-auto\" rel=\"nofollow noopener\" target=\"_blank\"> Loe kommentaare (2)<\/a><\/p>\n","protected":false},"excerpt":{"rendered":"\u201eKahjuks oleme sunnitud Hendriku haigestumise t\u00f5ttu \u00e4ra j\u00e4tma t\u00e4nase kontserdi P\u00fcssirohukeldris. Meie asemel astuvad lavale head s\u00f5brad ansamblist&hellip;\n","protected":false},"author":2,"featured_media":122772,"comment_status":"","ping_status":"","sticky":false,"template":"","format":"standard","meta":{"footnotes":"","_share_on_mastodon":"0"},"categories":[16],"tags":[37,33,35,173,34,36,16289,140,28105],"class_list":["post-122771","post","type-post","status-publish","format-standard","has-post-thumbnail","category-meelelahutus","tag-ee","tag-eesti","tag-eesti-keel","tag-entertainment","tag-estonia","tag-estonian","tag-hendrik-sal-saller","tag-meelelahutus","tag-smilers"],"share_on_mastodon":{"url":"https:\/\/pubeurope.com\/@ee\/116183984193195511","error":""},"_links":{"self":[{"href":"https:\/\/www.europesays.com\/ee\/wp-json\/wp\/v2\/posts\/122771","targetHints":{"allow":["GET"]}}],"collection":[{"href":"https:\/\/www.europesays.com\/ee\/wp-json\/wp\/v2\/posts"}],"about":[{"href":"https:\/\/www.europesays.com\/ee\/wp-json\/wp\/v2\/types\/post"}],"author":[{"embeddable":true,"href":"https:\/\/www.europesays.com\/ee\/wp-json\/wp\/v2\/users\/2"}],"replies":[{"embeddable":true,"href":"https:\/\/www.europesays.com\/ee\/wp-json\/wp\/v2\/comments?post=122771"}],"version-history":[{"count":0,"href":"https:\/\/www.europesays.com\/ee\/wp-json\/wp\/v2\/posts\/122771\/revisions"}],"wp:featuredmedia":[{"embeddable":true,"href":"https:\/\/www.europesays.com\/ee\/wp-json\/wp\/v2\/media\/122772"}],"wp:attachment":[{"href":"https:\/\/www.europesays.com\/ee\/wp-json\/wp\/v2\/media?parent=122771"}],"wp:term":[{"taxonomy":"category","embeddable":true,"href":"https:\/\/www.europesays.com\/ee\/wp-json\/wp\/v2\/categories?post=122771"},{"taxonomy":"post_tag","embeddable":true,"href":"https:\/\/www.europesays.com\/ee\/wp-json\/wp\/v2\/tags?post=122771"}],"curies":[{"name":"wp","href":"https:\/\/api.w.org\/{rel}","templated":true}]}}