{"id":122831,"date":"2026-03-06T22:21:06","date_gmt":"2026-03-06T22:21:06","guid":{"rendered":"https:\/\/www.europesays.com\/ee\/122831\/"},"modified":"2026-03-06T22:21:06","modified_gmt":"2026-03-06T22:21:06","slug":"kas-me-ikka-saame-koju-ema-kirjeldab-paev-paevalt-kuidas-dubai-turvalisest-pelgupaigast-sai-oudusunenagu","status":"publish","type":"post","link":"https:\/\/www.europesays.com\/ee\/122831\/","title":{"rendered":"\u00abKas me ikka saame koju?\u00bb \u2013 ema kirjeldab p\u00e4ev-p\u00e4evalt, kuidas Dubai turvalisest pelgupaigast sai \u00f5udusunen\u00e4gu"},"content":{"rendered":"<p>Ilm on ilus. P\u00e4rast jalutusk\u00e4iku 7-aastase Oskariga Dubai Marinas veel korraks basseini ujuma, kuniks teised haiglast tagasi j\u00f5uavad.<\/p>\n<p>Kuidas k\u00fcll maailm v\u00f5ib hetkega muutuda! Maailma \u00fcheks turvalisimaks kohaks peetud Dubaist on korraga saanud justkui \u00f5udusunen\u00e4gu, millest tahaks kohe \u00e4rgata.<\/p>\n<p>Kui oleme l\u00f5petanud perega l\u00f5unas\u00f6\u00f6gi, istume Ilmariga terrassil, kui j\u00e4rsku k\u00e4ib suur k\u00f5makas. Vaatan kahele poole, aga midagi ei ole n\u00e4ha. Sellele j\u00e4rgneb veel kolm plahvatust. Siis ilmuvad terrassidele juba ka paljud k\u00f5rvalmajade elanikud. Kuna siin piirkonnas k\u00e4ib pidev ehitustegevus, arvan alguses, et \u00e4kki kukkus ehitusel midagi alla.<\/p>\n<p>Meeleolu on \u00e4rev, sest k\u00f5ik juhtus nii ootamatult. Uudistest saame teada, et Iisrael ja USA alustasid r\u00fcnnakuid Iraani vastu. Kuid kuidas siis siin seda kuulda on, tekib k\u00fcsimus. Uudistest selgub, et Iraan on asunud vastur\u00fcnnakule \u2013 kuid miks? Me ei ole ju riigis, mis oleks Iraani suhtes vaenulik.<\/p>\n<p>J\u00e4rgmisel paaril tunnil valitseb t\u00e4ielik vaikus. Kuid hiljem l\u00e4hevad paugud aina k\u00f5vemaks. Toas on tunda, kuidas aknad v\u00e4risevad.<\/p>\n","protected":false},"excerpt":{"rendered":"Ilm on ilus. P\u00e4rast jalutusk\u00e4iku 7-aastase Oskariga Dubai Marinas veel korraks basseini ujuma, kuniks teised haiglast tagasi j\u00f5uavad.&hellip;\n","protected":false},"author":2,"featured_media":122832,"comment_status":"","ping_status":"","sticky":false,"template":"","format":"standard","meta":{"footnotes":"","_share_on_mastodon":"0"},"categories":[5],"tags":[13378,26,27,6515,37,33,35,34,36,31,32,21,4376,28,29,19,25,7549,36752,23,24,22,20,30],"class_list":["post-122831","post","type-post","status-publish","format-standard","has-post-thumbnail","category-uldised-uudised","tag-araabia-uhendemiraadid","tag-breaking-news","tag-breakingnews","tag-dubai","tag-ee","tag-eesti","tag-eesti-keel","tag-estonia","tag-estonian","tag-featured-news","tag-featurednews","tag-headlines","tag-lahis-ida","tag-latest-news","tag-latestnews","tag-news","tag-populaarseimad-lood","tag-raketid","tag-runnakud","tag-top-stories","tag-topstories","tag-uldised-uudised","tag-uudised","tag-viimased-uudised"],"share_on_mastodon":{"url":"https:\/\/pubeurope.com\/@ee\/116184565848149287","error":""},"_links":{"self":[{"href":"https:\/\/www.europesays.com\/ee\/wp-json\/wp\/v2\/posts\/122831","targetHints":{"allow":["GET"]}}],"collection":[{"href":"https:\/\/www.europesays.com\/ee\/wp-json\/wp\/v2\/posts"}],"about":[{"href":"https:\/\/www.europesays.com\/ee\/wp-json\/wp\/v2\/types\/post"}],"author":[{"embeddable":true,"href":"https:\/\/www.europesays.com\/ee\/wp-json\/wp\/v2\/users\/2"}],"replies":[{"embeddable":true,"href":"https:\/\/www.europesays.com\/ee\/wp-json\/wp\/v2\/comments?post=122831"}],"version-history":[{"count":0,"href":"https:\/\/www.europesays.com\/ee\/wp-json\/wp\/v2\/posts\/122831\/revisions"}],"wp:featuredmedia":[{"embeddable":true,"href":"https:\/\/www.europesays.com\/ee\/wp-json\/wp\/v2\/media\/122832"}],"wp:attachment":[{"href":"https:\/\/www.europesays.com\/ee\/wp-json\/wp\/v2\/media?parent=122831"}],"wp:term":[{"taxonomy":"category","embeddable":true,"href":"https:\/\/www.europesays.com\/ee\/wp-json\/wp\/v2\/categories?post=122831"},{"taxonomy":"post_tag","embeddable":true,"href":"https:\/\/www.europesays.com\/ee\/wp-json\/wp\/v2\/tags?post=122831"}],"curies":[{"name":"wp","href":"https:\/\/api.w.org\/{rel}","templated":true}]}}