{"id":122865,"date":"2026-03-06T23:12:09","date_gmt":"2026-03-06T23:12:09","guid":{"rendered":"https:\/\/www.europesays.com\/ee\/122865\/"},"modified":"2026-03-06T23:12:09","modified_gmt":"2026-03-06T23:12:09","slug":"kaneita-neli-varavat-loonud-bayern-liigub-poorases-tempos-54-aasta-taguse-rekordi-suunas-soccernet-ee","status":"publish","type":"post","link":"https:\/\/www.europesays.com\/ee\/122865\/","title":{"rendered":"Kane&#8217;ita neli v\u00e4ravat l\u00f6\u00f6nud Bayern liigub p\u00f6\u00f6rases tempos 54 aasta taguse rekordi suunas &#8211; Soccernet.ee"},"content":{"rendered":"<p><img decoding=\"async\" src=\"https:\/\/www.europesays.com\/ee\/wp-content\/uploads\/2026\/03\/1772832391.jpg\" alt=\"Bayern l\u00f5i M\u00f6nchengladbachile neli v\u00e4ravat. Foto: Scanpix \/ Alexandra Beier \/ AFP\"\/>&#13;\n<\/p>\n<p>Saksamaa k\u00f5rgliiga suver\u00e4\u00e4nne liider M\u00fcncheni Bayern sai j\u00e4rjekordse v\u00f5idu, alistades kodus 4:1 M\u00f6nchengladbachi Borussia.<\/p>\n<p>Ilma <a href=\"https:\/\/soccernet.ee\/artikkel\/hinga-hetkeks-rahulikumalt-robert-kanei-taiuslik-seeria-lopeb-reedel\" target=\"https:\/\/soccernet.ee\/artikkel\/hinga-hetkeks-rahulikumalt-robert-kanei-taiuslik-seeria-lopeb-reedel\" rel=\"nofollow noopener\">vigastatud Harry Kane&#8217;ita<\/a> m\u00e4nginud Bayern muukis M\u00f6nchengladbachi v\u00e4ravaluku lahti 33. minutil, kui Luis Diaz sahistas Leon Goretzka s\u00f6\u00f6du j\u00e4rel. Esimese poolaja \u00fcleminutitel andis Diaz ise resultatiivse s\u00f6\u00f6du, kui skoori tegi Konrad Laimer.&#13;\n<\/p>\n<p>M\u00f6nchengladbach j\u00e4i teise poolaja alguses k\u00fcmnekesi v\u00e4ljakule, sest Rocco Reitz kukutas karistusalas Nicolas Jacksoni ja p\u00f5hjustas penalti, mille realiseeris Jamal Musiala. Jackson lisas k\u00fcmmekond minutit enne l\u00f5puvilet Lennart Karli s\u00f6\u00f6dust Bayerni neljanda v\u00e4rava, kuni vahetusest sekkunud Wael Mohya l\u00f5i 89. minutil M\u00f6nchengladbachi auv\u00e4rava ja vormistas l\u00f5ppseisu. \u00dchtlasi sai 17-aastane Mohya kirja karj\u00e4\u00e4ri esimese v\u00e4rava Bundesligas.&#13;\n<\/p>\n<p>Bayern kasvatas tabeli tipus edu l\u00e4hima j\u00e4litaja Dortmundi Borussia ees 14-punktiliseks. Dortmundil on laup\u00e4evane v\u00f5\u00f5rsilm\u00e4ng K\u00f6lniga varuks, aga isegi kui see suudetakse v\u00f5ita, siis peab Bayern hooaja l\u00f5pus t\u00e4ielikult lagunema, et tiitliheitlus muutuks p\u00f5nevaks. M\u00f6nchengladbach heitleb k\u00f5rgliigasse p\u00fcsimaj\u00e4\u00e4mise nimel, asudes praegu 12. kohal ja edestades ohutsooni kolme punktiga.<\/p>\n<p>Bayern on k\u00e4imasoleval liigahooajal l\u00f6\u00f6nud 25 m\u00e4nguga 92 (!) v\u00e4ravat. Bundesliga k\u00f5igi aegade rekord on 101 v\u00e4ravat, mis kuulub Bayerni nimele hooajast 1971\/1972. See t\u00e4hendab, et Bayern peab oma rekordi \u00fcletamiseks l\u00f6\u00f6ma j\u00e4relej\u00e4\u00e4nud \u00fcheksa liigam\u00e4nguga v\u00e4hemalt k\u00fcmme v\u00e4ravat.&#13;<\/p>\n","protected":false},"excerpt":{"rendered":"&#13; Saksamaa k\u00f5rgliiga suver\u00e4\u00e4nne liider M\u00fcncheni Bayern sai j\u00e4rjekordse v\u00f5idu, alistades kodus 4:1 M\u00f6nchengladbachi Borussia. Ilma vigastatud Harry&hellip;\n","protected":false},"author":2,"featured_media":122810,"comment_status":"","ping_status":"","sticky":false,"template":"","format":"standard","meta":{"footnotes":"","_share_on_mastodon":"0"},"categories":[18],"tags":[525,527,37,33,35,34,36,1711,35159,538,51,1259,159,158],"class_list":["post-122865","post","type-post","status-publish","format-standard","has-post-thumbnail","category-sport","tag-bayern","tag-bundesliga","tag-ee","tag-eesti","tag-eesti-keel","tag-estonia","tag-estonian","tag-monchengladbach","tag-monchengladbachi-borussi","tag-muncheni-bayern","tag-saksamaa","tag-saksamaa-korgliiga","tag-sport","tag-sports"],"share_on_mastodon":{"url":"https:\/\/pubeurope.com\/@ee\/116184766392239443","error":""},"_links":{"self":[{"href":"https:\/\/www.europesays.com\/ee\/wp-json\/wp\/v2\/posts\/122865","targetHints":{"allow":["GET"]}}],"collection":[{"href":"https:\/\/www.europesays.com\/ee\/wp-json\/wp\/v2\/posts"}],"about":[{"href":"https:\/\/www.europesays.com\/ee\/wp-json\/wp\/v2\/types\/post"}],"author":[{"embeddable":true,"href":"https:\/\/www.europesays.com\/ee\/wp-json\/wp\/v2\/users\/2"}],"replies":[{"embeddable":true,"href":"https:\/\/www.europesays.com\/ee\/wp-json\/wp\/v2\/comments?post=122865"}],"version-history":[{"count":0,"href":"https:\/\/www.europesays.com\/ee\/wp-json\/wp\/v2\/posts\/122865\/revisions"}],"wp:featuredmedia":[{"embeddable":true,"href":"https:\/\/www.europesays.com\/ee\/wp-json\/wp\/v2\/media\/122810"}],"wp:attachment":[{"href":"https:\/\/www.europesays.com\/ee\/wp-json\/wp\/v2\/media?parent=122865"}],"wp:term":[{"taxonomy":"category","embeddable":true,"href":"https:\/\/www.europesays.com\/ee\/wp-json\/wp\/v2\/categories?post=122865"},{"taxonomy":"post_tag","embeddable":true,"href":"https:\/\/www.europesays.com\/ee\/wp-json\/wp\/v2\/tags?post=122865"}],"curies":[{"name":"wp","href":"https:\/\/api.w.org\/{rel}","templated":true}]}}