{"id":122895,"date":"2026-03-07T03:06:08","date_gmt":"2026-03-07T03:06:08","guid":{"rendered":"https:\/\/www.europesays.com\/ee\/122895\/"},"modified":"2026-03-07T03:06:08","modified_gmt":"2026-03-07T03:06:08","slug":"toila-gumnaasiumi-likvideerimine-lendas-vastu-taevast-mis-saab-koolimaja-uuendamisest","status":"publish","type":"post","link":"https:\/\/www.europesays.com\/ee\/122895\/","title":{"rendered":"Toila g\u00fcmnaasiumi likvideerimine lendas vastu taevast: mis saab koolimaja uuendamisest?"},"content":{"rendered":"<p>Neljap\u00e4eval, kui sai avalikuks, et volikogu otsus g\u00fcmnaasiumiastme kaotamise kohta Toilas on t\u00fchistatud, vastas J\u00f5hvi vallavanem Vallo Reimaa vallavalitsuse edasisi samme puudutavatele k\u00fcsimustele \u00fche lausega: &#8220;J\u00f5hvi vallavalitsus alustab l\u00e4bir\u00e4\u00e4kimisi rahastaja ehk haridus- ja teadusministeeriumiga, et \u00fcheskoos kokku leppida edasine tegevus.&#8221; Jutt k\u00e4ib koolimaja renoveerimise rahastamisest, milleks riik on lubanud eraldada ligi 8 miljonit eurot, sealhulgas on riik lubanud katta ka omavalitsuse omaosaluse.<\/p>\n","protected":false},"excerpt":{"rendered":"Neljap\u00e4eval, kui sai avalikuks, et volikogu otsus g\u00fcmnaasiumiastme kaotamise kohta Toilas on t\u00fchistatud, vastas J\u00f5hvi vallavanem Vallo Reimaa&hellip;\n","protected":false},"author":2,"featured_media":122896,"comment_status":"","ping_status":"","sticky":false,"template":"","format":"standard","meta":{"footnotes":"","_share_on_mastodon":"0"},"categories":[12],"tags":[26,27,37,33,35,34,36,31,32,21,5774,28,29,19,25,56791,56793,23,24,22,20,30],"class_list":["post-122895","post","type-post","status-publish","format-standard","has-post-thumbnail","category-eesti","tag-breaking-news","tag-breakingnews","tag-ee","tag-eesti","tag-eesti-keel","tag-estonia","tag-estonian","tag-featured-news","tag-featurednews","tag-headlines","tag-kohtuotsus","tag-latest-news","tag-latestnews","tag-news","tag-populaarseimad-lood","tag-toila-gumnaasiumi-sulgemine","tag-toila-uus-koolimaja","tag-top-stories","tag-topstories","tag-uldised-uudised","tag-uudised","tag-viimased-uudised"],"share_on_mastodon":{"url":"https:\/\/pubeurope.com\/@ee\/116185686559875983","error":""},"_links":{"self":[{"href":"https:\/\/www.europesays.com\/ee\/wp-json\/wp\/v2\/posts\/122895","targetHints":{"allow":["GET"]}}],"collection":[{"href":"https:\/\/www.europesays.com\/ee\/wp-json\/wp\/v2\/posts"}],"about":[{"href":"https:\/\/www.europesays.com\/ee\/wp-json\/wp\/v2\/types\/post"}],"author":[{"embeddable":true,"href":"https:\/\/www.europesays.com\/ee\/wp-json\/wp\/v2\/users\/2"}],"replies":[{"embeddable":true,"href":"https:\/\/www.europesays.com\/ee\/wp-json\/wp\/v2\/comments?post=122895"}],"version-history":[{"count":0,"href":"https:\/\/www.europesays.com\/ee\/wp-json\/wp\/v2\/posts\/122895\/revisions"}],"wp:featuredmedia":[{"embeddable":true,"href":"https:\/\/www.europesays.com\/ee\/wp-json\/wp\/v2\/media\/122896"}],"wp:attachment":[{"href":"https:\/\/www.europesays.com\/ee\/wp-json\/wp\/v2\/media?parent=122895"}],"wp:term":[{"taxonomy":"category","embeddable":true,"href":"https:\/\/www.europesays.com\/ee\/wp-json\/wp\/v2\/categories?post=122895"},{"taxonomy":"post_tag","embeddable":true,"href":"https:\/\/www.europesays.com\/ee\/wp-json\/wp\/v2\/tags?post=122895"}],"curies":[{"name":"wp","href":"https:\/\/api.w.org\/{rel}","templated":true}]}}